{"id":8731,"date":"2016-01-29T11:46:03","date_gmt":"2016-01-29T11:46:03","guid":{"rendered":"http:\/\/archivoorotava.es\/blog\/?p=8731"},"modified":"2016-05-16T20:33:01","modified_gmt":"2016-05-16T19:33:01","slug":"murga-los-piteras-en-el-carnaval-de-la-orotava","status":"publish","type":"post","link":"https:\/\/archivoorotava.es\/blog\/2016\/01\/29\/murga-los-piteras-en-el-carnaval-de-la-orotava\/","title":{"rendered":"Murga Los Piteras en el carnaval de La Orotava"},"content":{"rendered":"<div id=\"x-section-1\" class=\"x-section\" style=\"margin: 0px; padding: 0px;  background-color: transparent;\" ><div id=\"\" class=\"x-container\" style=\"margin: 0px auto; padding: 0px; \" ><div  class=\"x-column x-sm x-1-1\" style=\"padding: 0px; \" ><div id=\"\" class=\"x-text\" style=\"\" ><p style=\"text-align: justify;\"><span  class=\"x-dropcap\" >D<\/span>esde el Archivo Municipal de La Orotava, y ante la proximidad de las fiestas carnavaleras, les mostramos una imagen para el recuerdo donde aparece la murga Los Piteras actuando en la escalera de la Plaza del Ayuntamiento, dirigida por Andr\u00e9s Dorta Delgado.<\/p>\n<\/div><\/div><\/div><\/div><div id=\"x-section-2\" class=\"x-section\" style=\"margin: 0px; padding: 0px;  background-color: transparent;\" ><div id=\"\" class=\"x-container\" style=\"margin: 0px auto; padding: 0px; \" ><div  class=\"x-column x-sm x-1-1\" style=\"padding: 0px; \" ><a  class=\"x-img x-img-link x-img-thumbnail\"  href=\"http:\/\/archivoorotava.es\/blog\/wp-content\/uploads\/2016\/01\/Murga-los-Piteras.jpg\"     data-options=\"thumbnail: 'http:\/\/archivoorotava.es\/blog\/wp-content\/uploads\/2016\/01\/Murga-los-Piteras.jpg'\"><img decoding=\"async\" src=\"http:\/\/archivoorotava.es\/blog\/wp-content\/uploads\/2016\/01\/Murga-los-Piteras.jpg\" ><\/a><\/div><\/div><\/div><div id=\"x-section-3\" class=\"x-section\" style=\"margin: 0px; padding: 0px;  background-color: transparent;\" ><div id=\"\" class=\"x-container\" style=\"margin: 0px auto; padding: 0px; \" ><div  class=\"x-column x-sm x-1-1\" style=\"padding: 0px; \" ><div id=\"\" class=\"x-alert x-alert-muted x-alert-block\" style=\"\">Fotograf\u00eda donada por Andr\u00e9s Dorta Hern\u00e1ndez<\/div><\/div><\/div><\/div>\n","protected":false},"excerpt":{"rendered":"<p>Desde el Archivo Municipal de La Orotava, y ante la proximidad de las fiestas carnavaleras, les mostramos una imagen para el recuerdo donde aparece la murga Los Piteras actuando en la escalera de la Plaza del Ayuntamiento, dirigida por&#8230;<\/p>\n","protected":false},"author":2,"featured_media":8733,"comment_status":"open","ping_status":"open","sticky":false,"template":"","format":"standard","meta":{"_jetpack_memberships_contains_paid_content":false,"footnotes":""},"categories":[2,8,195,14],"tags":[246,31,245,247],"class_list":["post-8731","post","type-post","status-publish","format-standard","has-post-thumbnail","hentry","category-archivo","category-fiestas","category-fotografias","category-siglo-xx","tag-andres-dorta-delgado","tag-carnaval","tag-murga-los-piteras","tag-plaza-del-ayuntamiento"],"aioseo_notices":[],"jetpack_featured_media_url":"https:\/\/archivoorotava.es\/blog\/wp-content\/uploads\/2016\/01\/Murga-los-Piteras.jpg","jetpack_sharing_enabled":true,"_links":{"self":[{"href":"https:\/\/archivoorotava.es\/blog\/wp-json\/wp\/v2\/posts\/8731","targetHints":{"allow":["GET"]}}],"collection":[{"href":"https:\/\/archivoorotava.es\/blog\/wp-json\/wp\/v2\/posts"}],"about":[{"href":"https:\/\/archivoorotava.es\/blog\/wp-json\/wp\/v2\/types\/post"}],"author":[{"embeddable":true,"href":"https:\/\/archivoorotava.es\/blog\/wp-json\/wp\/v2\/users\/2"}],"replies":[{"embeddable":true,"href":"https:\/\/archivoorotava.es\/blog\/wp-json\/wp\/v2\/comments?post=8731"}],"version-history":[{"count":0,"href":"https:\/\/archivoorotava.es\/blog\/wp-json\/wp\/v2\/posts\/8731\/revisions"}],"wp:featuredmedia":[{"embeddable":true,"href":"https:\/\/archivoorotava.es\/blog\/wp-json\/wp\/v2\/media\/8733"}],"wp:attachment":[{"href":"https:\/\/archivoorotava.es\/blog\/wp-json\/wp\/v2\/media?parent=8731"}],"wp:term":[{"taxonomy":"category","embeddable":true,"href":"https:\/\/archivoorotava.es\/blog\/wp-json\/wp\/v2\/categories?post=8731"},{"taxonomy":"post_tag","embeddable":true,"href":"https:\/\/archivoorotava.es\/blog\/wp-json\/wp\/v2\/tags?post=8731"}],"curies":[{"name":"wp","href":"https:\/\/api.w.org\/{rel}","templated":true}]}}