{"id":8561,"date":"2015-12-14T12:28:35","date_gmt":"2015-12-14T12:28:35","guid":{"rendered":"http:\/\/archivoorotava.es\/blog\/?p=8561"},"modified":"2016-05-16T20:45:12","modified_gmt":"2016-05-16T19:45:12","slug":"1915-la-orotava-hace-cien-anos","status":"publish","type":"post","link":"https:\/\/archivoorotava.es\/blog\/2015\/12\/14\/1915-la-orotava-hace-cien-anos\/","title":{"rendered":"1915, La Orotava hace cien a\u00f1os &#8211; V\u00eddeo"},"content":{"rendered":"<div id=\"x-section-1\" class=\"x-section\" style=\"margin: 0px; padding: 0px;  background-color: transparent;\" ><div id=\"\" class=\"x-container\" style=\"margin: 0px auto; padding: 0px; \" ><div  class=\"x-column x-sm x-1-1\" style=\"padding: 0px; \" ><div id=\"\" class=\"x-text\" style=\"\" ><p style=\"text-align: justify;text-indent:30px;\">\u00ab1915, La Orotava hace cien a\u00f1os\u00bb, exposici\u00f3n virtual realizada por el Archivo Municipal, a trav\u00e9s de la documentaci\u00f3n que se conserva en sus instalaciones y que gracias a la labor de organizaci\u00f3n y conservaci\u00f3n nos acercan al d\u00eda a d\u00eda de La Orotava de hace 100 a\u00f1os.<\/p>\n<\/div><\/div><\/div><\/div>\n","protected":false},"excerpt":{"rendered":"<p>\u00ab1915, La Orotava hace cien a\u00f1os\u00bb, exposici\u00f3n virtual realizada por el Archivo Municipal, a trav\u00e9s de la documentaci\u00f3n que se conserva en sus instalaciones y que gracias a la labor de organizaci\u00f3n y conservaci\u00f3n nos acercan al d\u00eda a &#8230;<\/p>\n","protected":false},"author":2,"featured_media":8562,"comment_status":"open","ping_status":"open","sticky":false,"template":"","format":"standard","meta":{"_jetpack_memberships_contains_paid_content":false,"footnotes":""},"categories":[12,14,16],"tags":[233,176],"class_list":["post-8561","post","type-post","status-publish","format-standard","has-post-thumbnail","hentry","category-multimedia","category-siglo-xx","category-videos","tag-233","tag-tomas-salazar-y-cologan","has-post-video"],"aioseo_notices":[],"jetpack_featured_media_url":"https:\/\/archivoorotava.es\/blog\/wp-content\/uploads\/2015\/12\/1915-La-Orotava-hace-100-a\u00f1os-Archivo-Municipal-La-Orotava.jpeg","jetpack_sharing_enabled":true,"_links":{"self":[{"href":"https:\/\/archivoorotava.es\/blog\/wp-json\/wp\/v2\/posts\/8561","targetHints":{"allow":["GET"]}}],"collection":[{"href":"https:\/\/archivoorotava.es\/blog\/wp-json\/wp\/v2\/posts"}],"about":[{"href":"https:\/\/archivoorotava.es\/blog\/wp-json\/wp\/v2\/types\/post"}],"author":[{"embeddable":true,"href":"https:\/\/archivoorotava.es\/blog\/wp-json\/wp\/v2\/users\/2"}],"replies":[{"embeddable":true,"href":"https:\/\/archivoorotava.es\/blog\/wp-json\/wp\/v2\/comments?post=8561"}],"version-history":[{"count":0,"href":"https:\/\/archivoorotava.es\/blog\/wp-json\/wp\/v2\/posts\/8561\/revisions"}],"wp:featuredmedia":[{"embeddable":true,"href":"https:\/\/archivoorotava.es\/blog\/wp-json\/wp\/v2\/media\/8562"}],"wp:attachment":[{"href":"https:\/\/archivoorotava.es\/blog\/wp-json\/wp\/v2\/media?parent=8561"}],"wp:term":[{"taxonomy":"category","embeddable":true,"href":"https:\/\/archivoorotava.es\/blog\/wp-json\/wp\/v2\/categories?post=8561"},{"taxonomy":"post_tag","embeddable":true,"href":"https:\/\/archivoorotava.es\/blog\/wp-json\/wp\/v2\/tags?post=8561"}],"curies":[{"name":"wp","href":"https:\/\/api.w.org\/{rel}","templated":true}]}}