{"id":842,"date":"2013-06-11T10:04:01","date_gmt":"2013-06-11T10:04:01","guid":{"rendered":"http:\/\/archivoorotava.wordpress.com\/?p=842"},"modified":"2025-11-15T21:16:59","modified_gmt":"2025-11-15T21:16:59","slug":"el-archivo-municipal-y-el-dia-internacional-de-los-archivos","status":"publish","type":"post","link":"https:\/\/archivoorotava.es\/blog\/2013\/06\/11\/el-archivo-municipal-y-el-dia-internacional-de-los-archivos\/","title":{"rendered":"El Archivo Municipal y el D\u00eda Internacional de los Archivos"},"content":{"rendered":"<div id=\"cs-content\" class=\"cs-content\"><div id=\"x-section-1\" class=\"x-section\" style=\"margin: 0px;padding: 0px; background-color: transparent;\" ><div id=\"\" class=\"x-container\" style=\"margin: 0px auto;padding: 0px;\" ><div  class=\"x-column x-sm x-1-1\" style=\"padding: 0px;\" ><div id=\"\" class=\"x-text\" style=\"\" ><p style=\"text-align: justify;\"><span  class=\"x-dropcap\" >E<\/span>l Archivo Municipal, con motivo del D\u00eda Internacional de los Archivos (9 de junio), muestra uno de los documentos m\u00e1s antiguos y significativos localizados en su fondo documental y felicita a todas las personas vinculadas de una u otra forma con el mundo de los archivos y, en concreto con este Archivo Municipal, que garantiza la perdurabilidad de la historia, la memoria y la cultura de la Villa de La Orotava, as\u00ed como los derechos de los ciudadanos.<\/p>\n<\/div><\/div><\/div><\/div><div id=\"x-section-2\" class=\"x-section\" style=\"margin: 0px;padding: 0px; background-color: transparent;\" ><div id=\"\" class=\"x-container max width\" style=\"margin: 0px auto;padding: 0px;\" ><div  class=\"x-column x-sm x-1-4\" style=\"padding: 0px;\" >&nbsp;<\/div><div  class=\"x-column x-sm x-1-2\" style=\"padding: 0px;opacity: 0;transition-duration: 750ms;\" data-x-element=\"column\" data-x-params=\"{&quot;fade&quot;:true}\" data-fade=\"true\"><a  class=\"x-img imagen_lightbox x-img-link x-img-thumbnail\"  href=\"http:\/\/archivoorotava.es\/blog\/wp-content\/uploads\/2013\/06\/elecciones-1-21.jpg\" title=\"Car\u00e1tula del expediente. 1813\"  data-x-element=\"extra\" data-x-params=\"{&quot;type&quot;:&quot;tooltip&quot;,&quot;trigger&quot;:&quot;hover&quot;,&quot;placement&quot;:&quot;top&quot;,&quot;title&quot;:&quot;&quot;,&quot;content&quot;:&quot;&quot;}\"  data-options=\"thumbnail: 'http:\/\/archivoorotava.es\/blog\/wp-content\/uploads\/2013\/06\/elecciones-1-21.jpg'\"><img decoding=\"async\" src=\"http:\/\/archivoorotava.es\/blog\/wp-content\/uploads\/2013\/06\/elecciones-1-21.jpg\" ><\/a><\/div><div  class=\"x-column x-sm x-1-4\" style=\"padding: 0px;\" >&nbsp;<\/div><\/div><\/div><div id=\"x-section-3\" class=\"x-section\" style=\"margin: 0px;padding: 0px; background-color: transparent;\" ><div id=\"\" class=\"x-container\" style=\"margin: 0px auto;padding: 0px;\" ><div  class=\"x-column x-sm x-1-1\" style=\"padding: 0px;\" ><div id=\"\" class=\"x-text\" style=\"\" ><p style=\"text-align: justify; text-indent: 30px;\">Un documento de 1813 que tiene como carta de presentaci\u00f3n la portada bajo el t\u00edtulo <b>\u201c<\/b><i>Cuaderno de actas electorales de Partido celebradas en esta Villa de La Orotava cabeza del de Taoro y documentos concernientes a ella. Legajo n\u00ba4, 54 folios\u201d.<\/i><\/p>\n<\/div><\/div><\/div><\/div><div id=\"x-section-4\" class=\"x-section\" style=\"margin: 0px;padding: 0px; background-color: transparent;\" ><div id=\"\" class=\"x-container max width\" style=\"margin: 0px auto;padding: 0px;\" ><div  class=\"x-column x-sm x-1-2\" style=\"padding: 0px;opacity: 0;transition-duration: 750ms;\" data-x-element=\"column\" data-x-params=\"{&quot;fade&quot;:true}\" data-fade=\"true\"><a  class=\"x-img imagen_lightbox x-img-link x-img-thumbnail\"  href=\"http:\/\/archivoorotava.es\/blog\/wp-content\/uploads\/2013\/06\/elecciones-1-4.jpg\" title=\"F\u00f3rmula para las elecciones a Diputados de Cortes. 1812\"  data-x-element=\"extra\" data-x-params=\"{&quot;type&quot;:&quot;tooltip&quot;,&quot;trigger&quot;:&quot;hover&quot;,&quot;placement&quot;:&quot;top&quot;,&quot;title&quot;:&quot;&quot;,&quot;content&quot;:&quot;&quot;}\"  data-options=\"thumbnail: 'http:\/\/archivoorotava.es\/blog\/wp-content\/uploads\/2013\/06\/elecciones-1-4.jpg'\"><img decoding=\"async\" src=\"http:\/\/archivoorotava.es\/blog\/wp-content\/uploads\/2013\/06\/elecciones-1-4.jpg\" ><\/a><\/div><div  class=\"x-column x-sm x-1-2\" style=\"padding: 0px;opacity: 0;transition-duration: 750ms;\" data-x-element=\"column\" data-x-params=\"{&quot;fade&quot;:true}\" data-fade=\"true\"><a  class=\"x-img imagen_lightbox x-img-link x-img-thumbnail\"  href=\"http:\/\/archivoorotava.es\/blog\/wp-content\/uploads\/2013\/06\/elecciones-1-3.jpg\" title=\"N\u00famero de diputados por Provincias\"  data-x-element=\"extra\" data-x-params=\"{&quot;type&quot;:&quot;tooltip&quot;,&quot;trigger&quot;:&quot;hover&quot;,&quot;placement&quot;:&quot;top&quot;,&quot;title&quot;:&quot;&quot;,&quot;content&quot;:&quot;&quot;}\"  data-options=\"thumbnail: 'http:\/\/archivoorotava.es\/blog\/wp-content\/uploads\/2013\/06\/elecciones-1-3.jpg'\"><img decoding=\"async\" src=\"http:\/\/archivoorotava.es\/blog\/wp-content\/uploads\/2013\/06\/elecciones-1-3.jpg\" ><\/a><\/div><\/div><\/div><div id=\"x-section-5\" class=\"x-section\" style=\"margin: 0px;padding: 0px; background-color: transparent;\" ><div id=\"\" class=\"x-container\" style=\"margin: 0px auto;padding: 0px;\" ><div  class=\"x-column x-sm x-1-1\" style=\"padding: 0px;\" ><div id=\"\" class=\"x-text\" style=\"\" ><p style=\"text-align: justify; text-indent: 30px;\">En esta Villa deb\u00edan presentarse los \u201c<i>electores de Partidos de las Isla que han de elegir los Diputados\u201d <\/i>para la<i> \u201cconvocatoria de Cortes ordinarias\u201d. <\/i>Se incluye con fecha mayo 23 de 1812 la \u201cformula para las elecciones a Diputados de Cortes\u201d que contiene 16 art\u00edculos, estableciendo el art\u00edculo VIII que, en funci\u00f3n del censo de poblaci\u00f3n del a\u00f1o 1797 y la Constituci\u00f3n, \u201c<i>un Diputado por cada setenta mil almas<\/i>\u201d correspondiendo dos diputados a Canarias y los art\u00edculos XIII y XV se\u00f1alan que los diputados <i>tendr\u00e1n \u201cciento y diez reales de vell\u00f3n diarios por raz\u00f3n de dietas\u201d <\/i>y<i> \u201cse les abonar\u00e1 el viaje de venida \u00e1 las C\u00f3rtes a juicio de las respectivas Diputaciones\u201d.<\/i><\/p>\n<\/div><\/div><\/div><\/div><div id=\"x-section-6\" class=\"x-section\" style=\"margin: 0px;padding: 0px; background-color: transparent;\" ><div id=\"\" class=\"x-container max width\" style=\"margin: 0px auto;padding: 0px;\" ><div  class=\"x-column x-sm x-1-4\" style=\"padding: 0px;\" >&nbsp;<\/div><div  class=\"x-column x-sm x-1-2\" style=\"padding: 0px;opacity: 0;transition-duration: 750ms;\" data-x-element=\"column\" data-x-params=\"{&quot;fade&quot;:true}\" data-fade=\"true\"><a  class=\"x-img imagen_lightbox x-img-link x-img-thumbnail\"  href=\"http:\/\/archivoorotava.es\/blog\/wp-content\/uploads\/2013\/06\/elecciones-1-8-perfecto.jpg\" title=\"N\u00famero de habitantes en \u201cTenerife, Canaria y Palma\u201d. 1805\"  data-x-element=\"extra\" data-x-params=\"{&quot;type&quot;:&quot;tooltip&quot;,&quot;trigger&quot;:&quot;hover&quot;,&quot;placement&quot;:&quot;top&quot;,&quot;title&quot;:&quot;&quot;,&quot;content&quot;:&quot;&quot;}\"  data-options=\"thumbnail: 'http:\/\/archivoorotava.es\/blog\/wp-content\/uploads\/2013\/06\/elecciones-1-8-perfecto.jpg'\"><img decoding=\"async\" src=\"http:\/\/archivoorotava.es\/blog\/wp-content\/uploads\/2013\/06\/elecciones-1-8-perfecto.jpg\" ><\/a><\/div><div  class=\"x-column x-sm x-1-4\" style=\"padding: 0px;\" >&nbsp;<\/div><\/div><\/div><div id=\"x-section-7\" class=\"x-section\" style=\"margin: 0px;padding: 0px; background-color: transparent;\" ><div id=\"\" class=\"x-container\" style=\"margin: 0px auto;padding: 0px;\" ><div  class=\"x-column x-sm x-1-1\" style=\"padding: 0px;\" ><div id=\"\" class=\"x-text\" style=\"\" ><p style=\"text-align: justify; text-indent: 30px;\">Entre sus p\u00e1ginas, se relaciona el n\u00famero de habitantes que en el a\u00f1o 1805<b> <i>\u201c<\/i><\/b><i>ten\u00eda cada uno de los pueblos de las Islas\u201d. <\/i>As\u00ed, La Orotava contaba con 6.786 habitantes, Santa Cruz 6.889 (con exclusi\u00f3n de los soldados y oficiales del Batall\u00f3n de Infanter\u00eda y la Brigada de Artiller\u00eda), La Laguna 9.672, etc.<\/p>\n<p style=\"text-align: justify; text-indent: 30px;\">Un hecho destacable del documento es que contiene la firma de los primeros alcaldes de la Villa de La Orotava desde 1812, como la de Jos\u00e9 de Betancourt y Castro, Bartolom\u00e9 de Llarena, Pedro Ben\u00edtez de Lugo, etc.<\/p>\n<\/div><\/div><\/div><\/div><div class=\"x-section e842-e35 mne-0\"><div class=\"x-row e842-e36 mne-1 mne-2\"><div class=\"x-row-inner\"><div class=\"x-col e842-e37 mne-3\"><a class=\"x-image e842-e38 mne-4\" href=\"https:\/\/archivoorotava.es\/blog\/wp-content\/uploads\/2013\/06\/josc3a9-de-betancourt-y-castro-original-prueba1.jpg\"><img decoding=\"async\" src=\"https:\/\/archivoorotava.es\/blog\/wp-content\/uploads\/2013\/06\/josc3a9-de-betancourt-y-castro-original-prueba1.jpg\" srcset=\"https:\/\/archivoorotava.es\/blog\/wp-content\/uploads\/2013\/06\/josc3a9-de-betancourt-y-castro-original-prueba1.jpg 2495w, https:\/\/archivoorotava.es\/blog\/wp-content\/uploads\/2013\/06\/josc3a9-de-betancourt-y-castro-original-prueba1-300x75.jpg 300w, https:\/\/archivoorotava.es\/blog\/wp-content\/uploads\/2013\/06\/josc3a9-de-betancourt-y-castro-original-prueba1-1024x257.jpg 1024w\" sizes=\"(max-width: 2495px) 100vw, 2495px\" alt=\"\" loading=\"lazy\"><\/a><div class=\"x-text x-content e842-e39 mne-5\"><div class=\"fg-caption-title\"><strong>Jos\u00e9 de Betancourt y Castro.<\/strong><\/div>\n<div class=\"fg-caption-desc\">Primer Alcalde Constitucional de la Villa. 1812 y 1813<\/div><\/div><\/div><div class=\"x-col e842-e40 mne-3\"><a class=\"x-image e842-e41 mne-4\" href=\"https:\/\/archivoorotava.es\/blog\/wp-content\/uploads\/2013\/06\/bartolomc3a9-de-llarena-original1.jpg\"><img decoding=\"async\" src=\"https:\/\/archivoorotava.es\/blog\/wp-content\/uploads\/2013\/06\/bartolomc3a9-de-llarena-original1.jpg\" srcset=\"https:\/\/archivoorotava.es\/blog\/wp-content\/uploads\/2013\/06\/bartolomc3a9-de-llarena-original1.jpg 2072w, https:\/\/archivoorotava.es\/blog\/wp-content\/uploads\/2013\/06\/bartolomc3a9-de-llarena-original1-300x134.jpg 300w, https:\/\/archivoorotava.es\/blog\/wp-content\/uploads\/2013\/06\/bartolomc3a9-de-llarena-original1-1024x458.jpg 1024w, https:\/\/archivoorotava.es\/blog\/wp-content\/uploads\/2013\/06\/bartolomc3a9-de-llarena-original1-604x270.jpg 604w\" sizes=\"(max-width: 2072px) 100vw, 2072px\" alt=\"\" loading=\"lazy\"><\/a><div class=\"x-text x-content e842-e42 mne-5\"><div class=\"fg-caption-inner\">\n<div class=\"fg-caption-title\"><strong>Bartolom\u00e9 de Llarena.<\/strong><\/div>\n<div class=\"fg-caption-desc\">Alcalde en 1814<\/div>\n<\/div><\/div><\/div><div class=\"x-col e842-e43 mne-3\"><a class=\"x-image e842-e44 mne-4\" href=\"https:\/\/archivoorotava.es\/blog\/wp-content\/uploads\/2013\/06\/53-pedro-benc3adtez-de-lugo-original-prueba1.jpg\"><img decoding=\"async\" src=\"https:\/\/archivoorotava.es\/blog\/wp-content\/uploads\/2013\/06\/53-pedro-benc3adtez-de-lugo-original-prueba1.jpg\" srcset=\"https:\/\/archivoorotava.es\/blog\/wp-content\/uploads\/2013\/06\/53-pedro-benc3adtez-de-lugo-original-prueba1.jpg 1936w, https:\/\/archivoorotava.es\/blog\/wp-content\/uploads\/2013\/06\/53-pedro-benc3adtez-de-lugo-original-prueba1-300x71.jpg 300w, https:\/\/archivoorotava.es\/blog\/wp-content\/uploads\/2013\/06\/53-pedro-benc3adtez-de-lugo-original-prueba1-1024x245.jpg 1024w\" sizes=\"(max-width: 1936px) 100vw, 1936px\" alt=\"\" loading=\"lazy\"><\/a><div class=\"x-text x-content e842-e45 mne-5\"><div class=\"fg-caption-inner\">\n<div class=\"fg-caption-title\"><strong>Pedro Ben\u00edtez de Lugo.<\/strong><\/div>\n<div class=\"fg-caption-desc\">Alcalde en 1815 y 1823<\/div>\n<\/div><\/div><\/div><div class=\"x-col e842-e46 mne-3\"><a class=\"x-image e842-e47 mne-4\" href=\"https:\/\/archivoorotava.es\/blog\/wp-content\/uploads\/2013\/06\/2-domingo-laureano-estc3a9vez-y-ugarte-original1.jpg\"><img decoding=\"async\" src=\"https:\/\/archivoorotava.es\/blog\/wp-content\/uploads\/2013\/06\/2-domingo-laureano-estc3a9vez-y-ugarte-original1.jpg\" srcset=\"https:\/\/archivoorotava.es\/blog\/wp-content\/uploads\/2013\/06\/2-domingo-laureano-estc3a9vez-y-ugarte-original1.jpg 900w, https:\/\/archivoorotava.es\/blog\/wp-content\/uploads\/2013\/06\/2-domingo-laureano-estc3a9vez-y-ugarte-original1-300x129.jpg 300w\" sizes=\"(max-width: 900px) 100vw, 900px\" alt=\"\" loading=\"lazy\"><\/a><div class=\"x-text x-content e842-e48 mne-5\"><div class=\"fg-caption-inner\">\n<div class=\"fg-caption-title\"><strong>Domingo Laureano Est\u00e9vez y Ugarte.<\/strong><\/div>\n<div class=\"fg-caption-desc\">Alcalde en 1820.<\/div>\n<\/div><\/div><\/div><\/div><\/div><\/div><div id=\"x-section-8\" class=\"x-section\" style=\"margin: 0px;padding: 0px; background-color: transparent;\" ><div id=\"\" class=\"x-container\" style=\"margin: 0px auto;padding: 0px;\" ><div  class=\"x-column x-sm x-1-1\" style=\"padding: 0px;\" ><div id=\"\" class=\"x-text\" style=\"\" ><p style=\"text-align: justify; text-indent: 30px;\">En definitiva, un documento que el Archivo Municipal da a conocer con motivo del D\u00eda Internacional de los Archivos e interesante, no s\u00f3lo desde el punto de vista hist\u00f3rico, sino tambi\u00e9n archiv\u00edstico, donde se pueden apreciar entre otros elementos las distintas caligraf\u00edas.<\/p>\n<\/div><\/div><\/div><\/div><div id=\"x-section-9\" class=\"x-section\" style=\"margin: 0px;padding: 0px; background-color: transparent;\" ><div id=\"\" class=\"x-container max width\" style=\"margin: 0px auto;padding: 0px;\" ><div  class=\"x-column x-sm x-1-4\" style=\"padding: 0px;\" >&nbsp;<\/div><div  class=\"x-column x-sm x-1-2\" style=\"padding: 0px;opacity: 0;transition-duration: 750ms;\" data-x-element=\"column\" data-x-params=\"{&quot;fade&quot;:true}\" data-fade=\"true\"><a  class=\"x-img imagen_lightbox x-img-link x-img-thumbnail\"  href=\"http:\/\/archivoorotava.es\/blog\/wp-content\/uploads\/2013\/06\/elecciones-1-5.jpg\" title=\"Caligraf\u00eda\"  data-x-element=\"extra\" data-x-params=\"{&quot;type&quot;:&quot;tooltip&quot;,&quot;trigger&quot;:&quot;hover&quot;,&quot;placement&quot;:&quot;top&quot;,&quot;title&quot;:&quot;&quot;,&quot;content&quot;:&quot;&quot;}\"  data-options=\"thumbnail: 'http:\/\/archivoorotava.es\/blog\/wp-content\/uploads\/2013\/06\/elecciones-1-5.jpg'\"><img decoding=\"async\" src=\"http:\/\/archivoorotava.es\/blog\/wp-content\/uploads\/2013\/06\/elecciones-1-5.jpg\" ><\/a><\/div><div  class=\"x-column x-sm x-1-4\" style=\"padding: 0px;\" >&nbsp;<\/div><\/div><\/div><\/div>\n","protected":false},"excerpt":{"rendered":"<p>El Archivo Municipal, con motivo del D\u00eda Internacional de los Archivos (9 de junio), muestra uno de los documentos m\u00e1s antiguos y significativos localizados en su fondo documental y felicita a todas las personas vinculadas de una u otra<\/p>\n","protected":false},"author":2,"featured_media":843,"comment_status":"open","ping_status":"open","sticky":false,"template":"","format":"standard","meta":{"_jetpack_memberships_contains_paid_content":false,"footnotes":""},"categories":[10,13,15],"tags":[17,42,48],"class_list":["post-842","post","type-post","status-publish","format-standard","has-post-thumbnail","hentry","category-historia","category-siglo-xix","category-uncategorized","tag-17","tag-elecciones","tag-habitantes-de-la-orotava"],"aioseo_notices":[],"jetpack_featured_media_url":"https:\/\/archivoorotava.es\/blog\/wp-content\/uploads\/2013\/06\/portada-dc3ada-internacional-10.jpg","jetpack_sharing_enabled":true,"_links":{"self":[{"href":"https:\/\/archivoorotava.es\/blog\/wp-json\/wp\/v2\/posts\/842","targetHints":{"allow":["GET"]}}],"collection":[{"href":"https:\/\/archivoorotava.es\/blog\/wp-json\/wp\/v2\/posts"}],"about":[{"href":"https:\/\/archivoorotava.es\/blog\/wp-json\/wp\/v2\/types\/post"}],"author":[{"embeddable":true,"href":"https:\/\/archivoorotava.es\/blog\/wp-json\/wp\/v2\/users\/2"}],"replies":[{"embeddable":true,"href":"https:\/\/archivoorotava.es\/blog\/wp-json\/wp\/v2\/comments?post=842"}],"version-history":[{"count":2,"href":"https:\/\/archivoorotava.es\/blog\/wp-json\/wp\/v2\/posts\/842\/revisions"}],"predecessor-version":[{"id":25927,"href":"https:\/\/archivoorotava.es\/blog\/wp-json\/wp\/v2\/posts\/842\/revisions\/25927"}],"wp:featuredmedia":[{"embeddable":true,"href":"https:\/\/archivoorotava.es\/blog\/wp-json\/wp\/v2\/media\/843"}],"wp:attachment":[{"href":"https:\/\/archivoorotava.es\/blog\/wp-json\/wp\/v2\/media?parent=842"}],"wp:term":[{"taxonomy":"category","embeddable":true,"href":"https:\/\/archivoorotava.es\/blog\/wp-json\/wp\/v2\/categories?post=842"},{"taxonomy":"post_tag","embeddable":true,"href":"https:\/\/archivoorotava.es\/blog\/wp-json\/wp\/v2\/tags?post=842"}],"curies":[{"name":"wp","href":"https:\/\/api.w.org\/{rel}","templated":true}]}}