{"id":646,"date":"2013-04-25T09:08:50","date_gmt":"2013-04-25T09:08:50","guid":{"rendered":"http:\/\/archivoorotava.wordpress.com\/?p=646"},"modified":"2025-11-14T12:21:20","modified_gmt":"2025-11-14T12:21:20","slug":"libros-con-esencia-de-las-fiestas-de-la-orotava","status":"publish","type":"post","link":"https:\/\/archivoorotava.es\/blog\/2013\/04\/25\/libros-con-esencia-de-las-fiestas-de-la-orotava\/","title":{"rendered":"Libros con esencia de las fiestas de La Orotava"},"content":{"rendered":"<div id=\"cs-content\" class=\"cs-content\"><div id=\"x-section-1\" class=\"x-section\" style=\"margin: px 0px 0px;padding: 0px; background-color: transparent;\" ><div id=\"\" class=\"x-container\" style=\"margin: 0px auto;padding: 0px;\" ><div  class=\"x-column x-sm x-1-1\" style=\"padding: 0px;\" ><div id=\"\" class=\"x-text\" style=\"\" ><p style=\"text-align: justify;\"><span  class=\"x-dropcap\" >E<\/span>l Archivo Municipal cuenta, como complemento a la documentaci\u00f3n administrativa e hist\u00f3rica,  con una biblioteca especializada en historia local y, formando parte de ella, un conjunto de libros que plasman entre sus p\u00e1ginas las fiestas patronales de La Orotava.<\/p>\n<p style=\"text-align: justify; text-indent: 30px;\">Con motivo de la cercan\u00eda de las fiestas patronales de La Orotava y la celebraci\u00f3n del D\u00eda del Libro, el Archivo Municipal da a conocer algunos de los t\u00edtulos que la componen y que, en su mayor parte, son posibles gracias <!--more-->a la existencia de documentos originales que aportan la informaci\u00f3n y <!--more-->los datos necesarios para que estos sean elaborados y puedan ser disfrutados por los lectores.<\/p>\n<p style=\"text-align: justify; text-indent: 30px;\"> Un conjunto de libros editados desde 1981 hasta el 2008, entre los que se\u00f1alamos:<\/p>\n<\/div><\/div><\/div><\/div><div id=\"x-section-2\" class=\"x-section\" style=\"margin: 10px 0px 0px;padding: 0px; background-color: transparent;\" ><div id=\"\" class=\"x-container\" style=\"margin: 0px auto;padding: 0px;\" ><div  class=\"x-column x-sm x-1-1\" style=\"padding: 0px;\" ><div id=\"\" class=\"x-text\" style=\"\" ><p style=\"text-align: justify; text-indent: 30px;\">En definitiva, 14 t\u00edtulos que nos hablan desde varias perspectivas de las fiestas de La Orotava.<\/p>\n<\/div><\/div><\/div><\/div><div class=\"x-section e646-e9 mhy-0\"><div class=\"x-row e646-e10 mhy-2 mhy-3\"><div class=\"x-row-inner\"><div class=\"x-col e646-e11 mhy-4 mhy-5\"><a class=\"x-image e646-e12 mhy-7 mhy-1\" data-x-effect=\"{&quot;animationAlt&quot;:&quot;pulse&quot;}\" href=\"https:\/\/archivoorotava.es\/blog\/wp-content\/uploads\/2013\/04\/0008.jpg\"><img decoding=\"async\" src=\"https:\/\/archivoorotava.es\/blog\/wp-content\/uploads\/2013\/04\/0008.jpg\" alt=\"\" loading=\"lazy\"><\/a><div class=\"x-text x-content e646-e13 mhy-8\"><h8>Manuel Rodr\u00edguez Mesa, 1981<\/h8><\/div><\/div><div class=\"x-col e646-e14 mhy-4 mhy-5\"><a class=\"x-image e646-e15 mhy-7 mhy-1\" data-x-effect=\"{&quot;animationAlt&quot;:&quot;pulse&quot;}\" href=\"https:\/\/archivoorotava.es\/blog\/wp-content\/uploads\/2013\/04\/0098.jpg\"><img decoding=\"async\" src=\"https:\/\/archivoorotava.es\/blog\/wp-content\/uploads\/2013\/04\/0098.jpg\" alt=\"\" loading=\"lazy\"><\/a><div class=\"x-text x-content e646-e16 mhy-8\">A. Sebasti\u00e1n Hern\u00e1ndez Guti\u00e9rrez. 2000.<\/div><\/div><div class=\"x-col e646-e17 mhy-4 mhy-5\"><a class=\"x-image e646-e18 mhy-7 mhy-1\" data-x-effect=\"{&quot;animationAlt&quot;:&quot;pulse&quot;}\" href=\"https:\/\/archivoorotava.es\/blog\/wp-content\/uploads\/2013\/04\/00941.jpg\"><img decoding=\"async\" src=\"https:\/\/archivoorotava.es\/blog\/wp-content\/uploads\/2013\/04\/00941.jpg\" alt=\"\" loading=\"lazy\"><\/a><div class=\"x-text x-content e646-e19 mhy-8\">Jos\u00e9 Manuel Rodr\u00ed\u00adguez Maza. 1997.<\/div><\/div><div class=\"x-col e646-e20 mhy-4 mhy-5\"><a class=\"x-image e646-e21 mhy-7 mhy-1\" data-x-effect=\"{&quot;animationAlt&quot;:&quot;pulse&quot;}\" href=\"https:\/\/archivoorotava.es\/blog\/wp-content\/uploads\/2013\/04\/00611.jpg\"><img decoding=\"async\" src=\"https:\/\/archivoorotava.es\/blog\/wp-content\/uploads\/2013\/04\/00611.jpg\" alt=\"\" loading=\"lazy\"><\/a><div class=\"x-text x-content e646-e22 mhy-8\">Antonio Luque Hern\u00e1ndez. 1998.<\/div><\/div><div class=\"x-col e646-e23 mhy-4 mhy-5\"><a class=\"x-image e646-e24 mhy-7 mhy-1\" data-x-effect=\"{&quot;animationAlt&quot;:&quot;pulse&quot;}\" href=\"https:\/\/archivoorotava.es\/blog\/wp-content\/uploads\/2013\/04\/0096.jpg\"><img decoding=\"async\" src=\"https:\/\/archivoorotava.es\/blog\/wp-content\/uploads\/2013\/04\/0096.jpg\" alt=\"\" loading=\"lazy\"><\/a><div class=\"x-text x-content e646-e25 mhy-8\">Grupo de alumnos de 1\u00baA y 1\u00baB del I.E.S. Villalba Herv\u00e1s. 2000.<\/div><\/div><div class=\"x-col e646-e26 mhy-4 mhy-5\"><a class=\"x-image e646-e27 mhy-7 mhy-1\" data-x-effect=\"{&quot;animationAlt&quot;:&quot;pulse&quot;}\" href=\"https:\/\/archivoorotava.es\/blog\/wp-content\/uploads\/2013\/04\/0190.jpg\"><img decoding=\"async\" src=\"https:\/\/archivoorotava.es\/blog\/wp-content\/uploads\/2013\/04\/0190.jpg\" srcset=\"https:\/\/archivoorotava.es\/blog\/wp-content\/uploads\/2013\/04\/0190.jpg 290w, https:\/\/archivoorotava.es\/blog\/wp-content\/uploads\/2013\/04\/0190-228x300.jpg 228w\" sizes=\"(max-width: 290px) 100vw, 290px\" alt=\"\" loading=\"lazy\"><\/a><div class=\"x-text x-content e646-e28 mhy-8\">Juan Cullen Salazar. 2003.<\/div><\/div><div class=\"x-col e646-e29 mhy-4 mhy-5\"><a class=\"x-image e646-e30 mhy-7 mhy-1\" data-x-effect=\"{&quot;animationAlt&quot;:&quot;pulse&quot;}\" href=\"https:\/\/archivoorotava.es\/blog\/wp-content\/uploads\/2013\/04\/0247.jpg\"><img decoding=\"async\" src=\"https:\/\/archivoorotava.es\/blog\/wp-content\/uploads\/2013\/04\/0247.jpg\" srcset=\"https:\/\/archivoorotava.es\/blog\/wp-content\/uploads\/2013\/04\/0247.jpg 355w, https:\/\/archivoorotava.es\/blog\/wp-content\/uploads\/2013\/04\/0247-213x300.jpg 213w\" sizes=\"(max-width: 355px) 100vw, 355px\" alt=\"\" loading=\"lazy\"><\/a><div class=\"x-text x-content e646-e31 mhy-8\">Pedro J. Hern\u00e1ndez Murillo. 2004.<\/div><\/div><div class=\"x-col e646-e32 mhy-4 mhy-5\"><a class=\"x-image e646-e33 mhy-7 mhy-1\" data-x-effect=\"{&quot;animationAlt&quot;:&quot;pulse&quot;}\" href=\"https:\/\/archivoorotava.es\/blog\/wp-content\/uploads\/2013\/04\/0315.jpg\"><img decoding=\"async\" src=\"https:\/\/archivoorotava.es\/blog\/wp-content\/uploads\/2013\/04\/0315.jpg\" srcset=\"https:\/\/archivoorotava.es\/blog\/wp-content\/uploads\/2013\/04\/0315.jpg 300w, https:\/\/archivoorotava.es\/blog\/wp-content\/uploads\/2013\/04\/0315-214x300.jpg 214w\" sizes=\"(max-width: 300px) 100vw, 300px\" alt=\"\" loading=\"lazy\"><\/a><div class=\"x-text x-content e646-e34 mhy-8\">Juan del Castillo Le\u00f3n. 2006.<\/div><\/div><div class=\"x-col e646-e35 mhy-4 mhy-5\"><a class=\"x-image e646-e36 mhy-7 mhy-1\" data-x-effect=\"{&quot;animationAlt&quot;:&quot;pulse&quot;}\" href=\"https:\/\/archivoorotava.es\/blog\/wp-content\/uploads\/2013\/04\/0298.jpg\"><img decoding=\"async\" src=\"https:\/\/archivoorotava.es\/blog\/wp-content\/uploads\/2013\/04\/0298.jpg\" srcset=\"https:\/\/archivoorotava.es\/blog\/wp-content\/uploads\/2013\/04\/0298.jpg 253w, https:\/\/archivoorotava.es\/blog\/wp-content\/uploads\/2013\/04\/0298-212x300.jpg 212w\" sizes=\"(max-width: 253px) 100vw, 253px\" alt=\"\" loading=\"lazy\"><\/a><div class=\"x-text x-content e646-e37 mhy-8\">Jes\u00fas Rodr\u00edguez Delgado. 2006<\/div><\/div><div class=\"x-col e646-e38 mhy-4 mhy-5\"><a class=\"x-image e646-e39 mhy-7 mhy-1\" data-x-effect=\"{&quot;animationAlt&quot;:&quot;pulse&quot;}\" href=\"https:\/\/archivoorotava.es\/blog\/wp-content\/uploads\/2013\/04\/0296.jpg\"><img decoding=\"async\" src=\"https:\/\/archivoorotava.es\/blog\/wp-content\/uploads\/2013\/04\/0296.jpg\" srcset=\"https:\/\/archivoorotava.es\/blog\/wp-content\/uploads\/2013\/04\/0296.jpg 298w, https:\/\/archivoorotava.es\/blog\/wp-content\/uploads\/2013\/04\/0296-225x300.jpg 225w\" sizes=\"(max-width: 298px) 100vw, 298px\" alt=\"\" loading=\"lazy\"><\/a><div class=\"x-text x-content e646-e40 mhy-8\">A. Sebasti\u00e1n Hern\u00e1ndez Guti\u00e9rrez; Jos\u00e9 Manuel Rodr\u00edguez Maza y otros. 2006<\/div><\/div><div class=\"x-col e646-e41 mhy-4 mhy-5\"><a class=\"x-image e646-e42 mhy-7 mhy-1\" data-x-effect=\"{&quot;animationAlt&quot;:&quot;pulse&quot;}\" href=\"https:\/\/archivoorotava.es\/blog\/wp-content\/uploads\/2013\/04\/0310.jpg\"><img decoding=\"async\" src=\"https:\/\/archivoorotava.es\/blog\/wp-content\/uploads\/2013\/04\/0310.jpg\" srcset=\"https:\/\/archivoorotava.es\/blog\/wp-content\/uploads\/2013\/04\/0310.jpg 300w, https:\/\/archivoorotava.es\/blog\/wp-content\/uploads\/2013\/04\/0310-224x300.jpg 224w\" sizes=\"(max-width: 300px) 100vw, 300px\" alt=\"\" loading=\"lazy\"><\/a><div class=\"x-text x-content e646-e43 mhy-8\">Jos\u00e9 Manuel Rodr\u00edguez Maza, 2006.<\/div><\/div><div class=\"x-col e646-e44 mhy-4 mhy-5\"><a class=\"x-image e646-e45 mhy-7 mhy-1\" data-x-effect=\"{&quot;animationAlt&quot;:&quot;pulse&quot;}\" href=\"https:\/\/archivoorotava.es\/blog\/wp-content\/uploads\/2013\/04\/0326.jpg\"><img decoding=\"async\" src=\"https:\/\/archivoorotava.es\/blog\/wp-content\/uploads\/2013\/04\/0326.jpg\" srcset=\"https:\/\/archivoorotava.es\/blog\/wp-content\/uploads\/2013\/04\/0326.jpg 300w, https:\/\/archivoorotava.es\/blog\/wp-content\/uploads\/2013\/04\/0326-214x300.jpg 214w\" sizes=\"(max-width: 300px) 100vw, 300px\" alt=\"\" loading=\"lazy\"><\/a><div class=\"x-text x-content e646-e46 mhy-8\">Sebasti\u00e1n Hern\u00e1ndez Guti\u00e9rrez. 2007<\/div><\/div><div class=\"x-col e646-e47 mhy-4 mhy-6\"><\/div><div class=\"x-col e646-e48 mhy-4 mhy-5\"><a class=\"x-image e646-e49 mhy-7 mhy-1\" data-x-effect=\"{&quot;animationAlt&quot;:&quot;pulse&quot;}\" href=\"https:\/\/archivoorotava.es\/blog\/wp-content\/uploads\/2013\/04\/0328.jpg\"><img decoding=\"async\" src=\"https:\/\/archivoorotava.es\/blog\/wp-content\/uploads\/2013\/04\/0328.jpg\" srcset=\"https:\/\/archivoorotava.es\/blog\/wp-content\/uploads\/2013\/04\/0328.jpg 300w, https:\/\/archivoorotava.es\/blog\/wp-content\/uploads\/2013\/04\/0328-296x300.jpg 296w\" sizes=\"(max-width: 300px) 100vw, 300px\" alt=\"\" loading=\"lazy\"><\/a><div class=\"x-text x-content e646-e50 mhy-8\">Sebasti\u00e1n Hern\u00e1ndez Guti\u00e9rrez. 2007<\/div><\/div><div class=\"x-col e646-e51 mhy-4 mhy-5\"><a class=\"x-image e646-e52 mhy-7 mhy-1\" data-x-effect=\"{&quot;animationAlt&quot;:&quot;pulse&quot;}\" href=\"https:\/\/archivoorotava.es\/blog\/wp-content\/uploads\/2013\/04\/0349.jpg\"><img decoding=\"async\" src=\"https:\/\/archivoorotava.es\/blog\/wp-content\/uploads\/2013\/04\/0349.jpg\" srcset=\"https:\/\/archivoorotava.es\/blog\/wp-content\/uploads\/2013\/04\/0349.jpg 373w, https:\/\/archivoorotava.es\/blog\/wp-content\/uploads\/2013\/04\/0349-218x300.jpg 218w\" sizes=\"(max-width: 373px) 100vw, 373px\" alt=\"\" loading=\"lazy\"><\/a><div class=\"x-text x-content e646-e53 mhy-8\">Juan de la Cruz Rodr\u00edguez. 2008.<\/div><\/div><div class=\"x-col e646-e54 mhy-4 mhy-6\"><\/div><\/div><\/div><\/div><\/div>\n","protected":false},"excerpt":{"rendered":"<p>El Archivo Municipal cuenta, como complemento a la documentaci\u00f3n administrativa e hist\u00f3rica,  con una biblioteca especializada en historia local y, formando parte de ella, un conjunto de libros que plasman entre sus p\u00e1ginas las fiestas patronales de La Orotava. \u2026<\/p>\n","protected":false},"author":2,"featured_media":3063,"comment_status":"open","ping_status":"open","sticky":false,"template":"","format":"standard","meta":{"_jetpack_memberships_contains_paid_content":false,"footnotes":""},"categories":[11,15],"tags":[72,74,73],"class_list":["post-646","post","type-post","status-publish","format-standard","has-post-thumbnail","hentry","category-libros","category-uncategorized","tag-corpus-christi","tag-fiestas-2","tag-libros-2"],"aioseo_notices":[],"jetpack_featured_media_url":"https:\/\/archivoorotava.es\/blog\/wp-content\/uploads\/2013\/04\/2013-04-25-009-c-2.jpg","jetpack_sharing_enabled":true,"_links":{"self":[{"href":"https:\/\/archivoorotava.es\/blog\/wp-json\/wp\/v2\/posts\/646","targetHints":{"allow":["GET"]}}],"collection":[{"href":"https:\/\/archivoorotava.es\/blog\/wp-json\/wp\/v2\/posts"}],"about":[{"href":"https:\/\/archivoorotava.es\/blog\/wp-json\/wp\/v2\/types\/post"}],"author":[{"embeddable":true,"href":"https:\/\/archivoorotava.es\/blog\/wp-json\/wp\/v2\/users\/2"}],"replies":[{"embeddable":true,"href":"https:\/\/archivoorotava.es\/blog\/wp-json\/wp\/v2\/comments?post=646"}],"version-history":[{"count":5,"href":"https:\/\/archivoorotava.es\/blog\/wp-json\/wp\/v2\/posts\/646\/revisions"}],"predecessor-version":[{"id":25905,"href":"https:\/\/archivoorotava.es\/blog\/wp-json\/wp\/v2\/posts\/646\/revisions\/25905"}],"wp:featuredmedia":[{"embeddable":true,"href":"https:\/\/archivoorotava.es\/blog\/wp-json\/wp\/v2\/media\/3063"}],"wp:attachment":[{"href":"https:\/\/archivoorotava.es\/blog\/wp-json\/wp\/v2\/media?parent=646"}],"wp:term":[{"taxonomy":"category","embeddable":true,"href":"https:\/\/archivoorotava.es\/blog\/wp-json\/wp\/v2\/categories?post=646"},{"taxonomy":"post_tag","embeddable":true,"href":"https:\/\/archivoorotava.es\/blog\/wp-json\/wp\/v2\/tags?post=646"}],"curies":[{"name":"wp","href":"https:\/\/api.w.org\/{rel}","templated":true}]}}