{"id":2723,"date":"2014-12-12T10:23:43","date_gmt":"2014-12-12T10:23:43","guid":{"rendered":"http:\/\/archivoorotava.wordpress.com\/?p=1668"},"modified":"2017-01-09T15:30:00","modified_gmt":"2017-01-09T15:30:00","slug":"1914-la-orotava-hace-100-anos","status":"publish","type":"post","link":"https:\/\/archivoorotava.es\/blog\/2014\/12\/12\/1914-la-orotava-hace-100-anos\/","title":{"rendered":"1914, LA OROTAVA HACE 100 A\u00d1OS"},"content":{"rendered":"<div id=\"x-section-1\" class=\"x-section\" style=\"margin: 0px 0px 0px 0px; padding: 0px 0px 0px 0px;  background-color: transparent;\" ><div id=\"\" class=\"x-container\" style=\"margin: 0px auto 0px auto; padding: 0px 0px 0px 0px; \" ><div  class=\"x-column x-sm x-1-1\" style=\"padding: 0px 0px 0px 0px; \" ><div id=\"\" class=\"x-text\" style=\"\" ><p style=\"text-align: justify; text-indent: 30px;\">El Archivo Municipal de La Orotava les invita a dar un paseo por la historia y acercarnos a lo que suced\u00eda en la Villa hace cien a\u00f1os.<\/p>\n<p style=\"text-align: justify; text-indent: 30px;\">A trav\u00e9s de la documentaci\u00f3n que se conserva en el fondo documental del Archivo Municipal, se muestran algunos acontecimientos que sucedieron en 1914, como la elecci\u00f3n de Tom\u00e1s Salazar y C\u00f3logan como alcalde, la reparaci\u00f3n del empedrado de la calle Tom\u00e1s P\u00e9rez y calle Le\u00f3n, renovaci\u00f3n del contrato con la Sociedad El\u00e9ctrica de Orotava por 20 a\u00f1os, la construcci\u00f3n de un puente en el barranco denominado La Tosquera, la entrada del Cristo a la Columna a la plaza del Ayuntamiento por primera vez, la colocaci\u00f3n de pavimento en la calle Linares Rivas que pod\u00eda ser alquitranado por ser m\u00e1s econ\u00f3mico que el adoquinado, etc.<\/p>\n<p style=\"text-align: justify; text-indent: 30px;\">Una exposici\u00f3n virtual que permite aproximarnos al d\u00eda a d\u00eda de las personas que vivieron hace un siglo, recordar y revivir acontecimientos gracias a la labor de organizaci\u00f3n y conservaci\u00f3n que se realiza en el Archivo Municipal con la documentaci\u00f3n.<\/p>\n<\/div><\/div><\/div><\/div>\n","protected":false},"excerpt":{"rendered":"","protected":false},"author":2,"featured_media":2997,"comment_status":"open","ping_status":"open","sticky":false,"template":"","format":"standard","meta":{"_jetpack_memberships_contains_paid_content":false,"footnotes":""},"categories":[10,12,14,16],"tags":[173,174,175,176],"class_list":["post-2723","post","type-post","status-publish","format-standard","has-post-thumbnail","hentry","category-historia","category-multimedia","category-siglo-xx","category-videos","tag-173","tag-cristo-a-la-columna","tag-linares-rivas","tag-tomas-salazar-y-cologan","has-post-video"],"aioseo_notices":[],"jetpack_featured_media_url":"https:\/\/archivoorotava.es\/blog\/wp-content\/uploads\/2014\/12\/1914-La-Orotava-hace-100-a\u00f1os.jpg","jetpack_sharing_enabled":true,"_links":{"self":[{"href":"https:\/\/archivoorotava.es\/blog\/wp-json\/wp\/v2\/posts\/2723","targetHints":{"allow":["GET"]}}],"collection":[{"href":"https:\/\/archivoorotava.es\/blog\/wp-json\/wp\/v2\/posts"}],"about":[{"href":"https:\/\/archivoorotava.es\/blog\/wp-json\/wp\/v2\/types\/post"}],"author":[{"embeddable":true,"href":"https:\/\/archivoorotava.es\/blog\/wp-json\/wp\/v2\/users\/2"}],"replies":[{"embeddable":true,"href":"https:\/\/archivoorotava.es\/blog\/wp-json\/wp\/v2\/comments?post=2723"}],"version-history":[{"count":0,"href":"https:\/\/archivoorotava.es\/blog\/wp-json\/wp\/v2\/posts\/2723\/revisions"}],"wp:featuredmedia":[{"embeddable":true,"href":"https:\/\/archivoorotava.es\/blog\/wp-json\/wp\/v2\/media\/2997"}],"wp:attachment":[{"href":"https:\/\/archivoorotava.es\/blog\/wp-json\/wp\/v2\/media?parent=2723"}],"wp:term":[{"taxonomy":"category","embeddable":true,"href":"https:\/\/archivoorotava.es\/blog\/wp-json\/wp\/v2\/categories?post=2723"},{"taxonomy":"post_tag","embeddable":true,"href":"https:\/\/archivoorotava.es\/blog\/wp-json\/wp\/v2\/tags?post=2723"}],"curies":[{"name":"wp","href":"https:\/\/api.w.org\/{rel}","templated":true}]}}