{"id":2704,"date":"2014-09-23T13:48:17","date_gmt":"2014-09-23T13:48:17","guid":{"rendered":"http:\/\/archivoorotava.wordpress.com\/?p=1548"},"modified":"2025-11-06T18:50:49","modified_gmt":"2025-11-06T18:50:49","slug":"conociendo-el-archivo-municipal-y-la-historia-de-la-orotava","status":"publish","type":"post","link":"https:\/\/archivoorotava.es\/blog\/2014\/09\/23\/conociendo-el-archivo-municipal-y-la-historia-de-la-orotava\/","title":{"rendered":"CONOCIENDO EL ARCHIVO MUNICIPAL Y LA HISTORIA DE LA OROTAVA"},"content":{"rendered":"<div id=\"cs-content\" class=\"cs-content\"><div id=\"x-section-1\" class=\"x-section\" style=\"margin: 0px;padding: px; background-color: transparent;\" ><div id=\"\" class=\"x-container\" style=\"margin: 0px auto;padding: 0px;\" ><div  class=\"x-column x-sm x-1-1\" style=\"padding: 0px;\" ><div id=\"\" class=\"x-text\" style=\"\" ><p style=\"text-align: justify;\"><span  class=\"x-dropcap\" >A<\/span>hora que comienza un nuevo a\u00f1o acad\u00e9mico queremos dar las gracias a todos los alumnos que han desarrollado las pr\u00e1cticas en el Archivo Municipal, as\u00ed como al profesorado y las visitas escolares que hemos recibido el pasado curso interesados en conocer \u201cel lugar donde habita la memoria\u201d de La Orotava.<\/p>\n<p style=\"text-align: justify; text-indent: 30px;\">Alumnos de diversos centros como IES Rafael Arozarena, Universidad de La Laguna, Universidad Nacional de Educaci\u00f3n a Distancia, IES Santa \u00darsula, que han podido acercarse a la historia de La Orotava a trav\u00e9s de documentos, im\u00e1genes, exposiciones virtuales, etc. y conocer c\u00f3mo los documentos se clasifican y describen, as\u00ed como los elementos que perjudican la conservaci\u00f3n de los mismos y los factores que les afectan a lo largo del tiempo, los diferentes tipos de caligraf\u00edas, etc. En definitiva, el mundo del archivo y de sus documentos que encierran la memoria de la Villa de La Orotava.<\/p>\n<\/div><\/div><\/div><\/div><div class=\"x-section e2704-e5 m234-0\"><div class=\"x-row e2704-e6 m234-2 m234-3\"><div class=\"x-row-inner\"><div class=\"x-col e2704-e7 m234-4\"><div class=\"x-div e2704-e8 m234-5 m234-6 m234-7\"><div class=\"x-div e2704-e9 m234-5 m234-6 m234-7\"><div class=\"x-slide-container-viewport is-loading e2704-e10 m234-b\" data-x-slide-container=\"{&quot;keyboardNavigation&quot;:true,&quot;autoplayStartInView&quot;:true,&quot;snap&quot;:true,&quot;scrollBySlide&quot;:true,&quot;wrapAround&quot;:true,&quot;int&quot;:&quot;click off&quot;,&quot;direction&quot;:&quot;forward&quot;,&quot;startingSlide&quot;:1,&quot;autoplay&quot;:&quot;interval&quot;}\"><div class=\"x-slide-container-content\"><div class=\"x-slide-container is-inline is-paged\"><div class=\"x-slide e2704-e11 m234-c\" data-x-slide=\"\"><a class=\"x-image e2704-e12 m234-d\" href=\"https:\/\/archivoorotava.es\/blog\/wp-content\/uploads\/2014\/09\/amlo-1.jpg\"><img decoding=\"async\" src=\"https:\/\/archivoorotava.es\/blog\/wp-content\/uploads\/2014\/09\/amlo-1.jpg\" width=\"414\" height=\"418\" alt=\"Image\" loading=\"lazy\"><\/a><\/div><div class=\"x-slide e2704-e13 m234-c\" data-x-slide=\"\"><a class=\"x-image e2704-e14 m234-d\" href=\"https:\/\/archivoorotava.es\/blog\/wp-content\/uploads\/2014\/09\/amlo-2.jpg\"><img decoding=\"async\" src=\"https:\/\/archivoorotava.es\/blog\/wp-content\/uploads\/2014\/09\/amlo-2.jpg\" srcset=\"https:\/\/archivoorotava.es\/blog\/wp-content\/uploads\/2014\/09\/amlo-2.jpg 762w, https:\/\/archivoorotava.es\/blog\/wp-content\/uploads\/2014\/09\/amlo-2-300x200.jpg 300w, https:\/\/archivoorotava.es\/blog\/wp-content\/uploads\/2014\/09\/amlo-2-100x67.jpg 100w\" sizes=\"(max-width: 762px) 100vw, 762px\" alt=\"\" loading=\"lazy\"><\/a><\/div><div class=\"x-slide e2704-e15 m234-c\" data-x-slide=\"\"><a class=\"x-image e2704-e16 m234-d\" href=\"https:\/\/archivoorotava.es\/blog\/wp-content\/uploads\/2014\/09\/amlo-3.jpg\"><img decoding=\"async\" src=\"https:\/\/archivoorotava.es\/blog\/wp-content\/uploads\/2014\/09\/amlo-3.jpg\" srcset=\"https:\/\/archivoorotava.es\/blog\/wp-content\/uploads\/2014\/09\/amlo-3.jpg 683w, https:\/\/archivoorotava.es\/blog\/wp-content\/uploads\/2014\/09\/amlo-3-300x200.jpg 300w, https:\/\/archivoorotava.es\/blog\/wp-content\/uploads\/2014\/09\/amlo-3-100x67.jpg 100w\" sizes=\"(max-width: 683px) 100vw, 683px\" alt=\"\" loading=\"lazy\"><\/a><\/div><div class=\"x-slide e2704-e17 m234-c\" data-x-slide=\"\"><a class=\"x-image e2704-e18 m234-d\" href=\"https:\/\/archivoorotava.es\/blog\/wp-content\/uploads\/2014\/09\/amlo-4.jpg\"><img decoding=\"async\" src=\"https:\/\/archivoorotava.es\/blog\/wp-content\/uploads\/2014\/09\/amlo-4.jpg\" width=\"307\" height=\"306\" alt=\"Image\" loading=\"lazy\"><\/a><\/div><div class=\"x-slide e2704-e19 m234-c\" data-x-slide=\"\"><a class=\"x-image e2704-e20 m234-d m234-e\" href=\"https:\/\/archivoorotava.es\/blog\/wp-content\/uploads\/2014\/09\/amlo-5.jpg\"><img decoding=\"async\" src=\"https:\/\/archivoorotava.es\/blog\/wp-content\/uploads\/2014\/09\/amlo-5.jpg\" width=\"197\" height=\"320\" alt=\"\" loading=\"lazy\"><\/a><\/div><div class=\"x-slide e2704-e21 m234-c\" data-x-slide=\"\"><a class=\"x-image e2704-e22 m234-d\" href=\"https:\/\/archivoorotava.es\/blog\/wp-content\/uploads\/2014\/09\/amlo-6.jpg\"><img decoding=\"async\" src=\"https:\/\/archivoorotava.es\/blog\/wp-content\/uploads\/2014\/09\/amlo-6.jpg\" srcset=\"https:\/\/archivoorotava.es\/blog\/wp-content\/uploads\/2014\/09\/amlo-6.jpg 634w, https:\/\/archivoorotava.es\/blog\/wp-content\/uploads\/2014\/09\/amlo-6-300x202.jpg 300w, https:\/\/archivoorotava.es\/blog\/wp-content\/uploads\/2014\/09\/amlo-6-100x67.jpg 100w\" sizes=\"(max-width: 634px) 100vw, 634px\" alt=\"\" loading=\"lazy\"><\/a><\/div><div class=\"x-slide e2704-e23 m234-c\" data-x-slide=\"\"><a class=\"x-image e2704-e24 m234-d\" href=\"https:\/\/archivoorotava.es\/blog\/wp-content\/uploads\/2014\/09\/amlo-7.jpg\"><img decoding=\"async\" src=\"https:\/\/archivoorotava.es\/blog\/wp-content\/uploads\/2014\/09\/amlo-7.jpg\" srcset=\"https:\/\/archivoorotava.es\/blog\/wp-content\/uploads\/2014\/09\/amlo-7.jpg 841w, https:\/\/archivoorotava.es\/blog\/wp-content\/uploads\/2014\/09\/amlo-7-300x195.jpg 300w, https:\/\/archivoorotava.es\/blog\/wp-content\/uploads\/2014\/09\/amlo-7-100x65.jpg 100w\" sizes=\"(max-width: 841px) 100vw, 841px\" alt=\"\" loading=\"lazy\"><\/a><\/div><div class=\"x-slide e2704-e25 m234-c\" data-x-slide=\"\"><a class=\"x-image e2704-e26 m234-d\" href=\"https:\/\/archivoorotava.es\/blog\/wp-content\/uploads\/2014\/09\/amlo-8.jpg\"><img decoding=\"async\" src=\"https:\/\/archivoorotava.es\/blog\/wp-content\/uploads\/2014\/09\/amlo-8.jpg\" srcset=\"https:\/\/archivoorotava.es\/blog\/wp-content\/uploads\/2014\/09\/amlo-8.jpg 632w, https:\/\/archivoorotava.es\/blog\/wp-content\/uploads\/2014\/09\/amlo-8-300x201.jpg 300w, https:\/\/archivoorotava.es\/blog\/wp-content\/uploads\/2014\/09\/amlo-8-100x67.jpg 100w\" sizes=\"(max-width: 632px) 100vw, 632px\" alt=\"\" loading=\"lazy\"><\/a><\/div><div class=\"x-slide e2704-e27 m234-c\" data-x-slide=\"\"><a class=\"x-image e2704-e28 m234-d\" href=\"https:\/\/archivoorotava.es\/blog\/wp-content\/uploads\/2014\/09\/amlo-9.jpg\"><img decoding=\"async\" src=\"https:\/\/archivoorotava.es\/blog\/wp-content\/uploads\/2014\/09\/amlo-9.jpg\" width=\"316\" height=\"241\" alt=\"Image\" loading=\"lazy\"><\/a><\/div><div class=\"x-slide e2704-e29 m234-c\" data-x-slide=\"\"><a class=\"x-image e2704-e30 m234-d\" href=\"https:\/\/archivoorotava.es\/blog\/wp-content\/uploads\/2014\/09\/amlo-102.jpg\"><img decoding=\"async\" src=\"https:\/\/archivoorotava.es\/blog\/wp-content\/uploads\/2014\/09\/amlo-102.jpg\" width=\"208\" height=\"296\" alt=\"Image\" loading=\"lazy\"><\/a><\/div><div class=\"x-slide e2704-e31 m234-c\" data-x-slide=\"\"><a class=\"x-image e2704-e32 m234-d\" href=\"https:\/\/archivoorotava.es\/blog\/wp-content\/uploads\/2014\/09\/amlo-114.jpg\"><img decoding=\"async\" src=\"https:\/\/archivoorotava.es\/blog\/wp-content\/uploads\/2014\/09\/amlo-114.jpg\" width=\"305\" height=\"303\" alt=\"Image\" loading=\"lazy\"><\/a><\/div><div class=\"x-slide e2704-e33 m234-c\" data-x-slide=\"\"><a class=\"x-image e2704-e34 m234-d\" href=\"https:\/\/archivoorotava.es\/blog\/wp-content\/uploads\/2014\/09\/amlo-12.jpg\"><img decoding=\"async\" src=\"https:\/\/archivoorotava.es\/blog\/wp-content\/uploads\/2014\/09\/amlo-12.jpg\" width=\"313\" height=\"331\" alt=\"Image\" loading=\"lazy\"><\/a><\/div><\/div><\/div><\/div><div class=\"x-div e2704-e35 m234-5 m234-6 m234-8 m234-9 m234-1\"><a class=\"x-div e2704-e36 m234-5 m234-7 m234-8 m234-a\" href=\"#prev\" data-x-effect-provider=\"colors particles effects\" data-x-slide-prev=\"\"><i class=\"x-icon e2704-e37 m234-f\" aria-hidden=\"true\" data-x-icon-o=\"&#xf060;\"><\/i><\/a><a class=\"x-div e2704-e38 m234-5 m234-7 m234-8 m234-a\" href=\"#next\" data-x-effect-provider=\"colors particles effects\" data-x-slide-next=\"\"><i class=\"x-icon e2704-e39 m234-f\" aria-hidden=\"true\" data-x-icon-o=\"&#xf061;\"><\/i><\/a><\/div><ul class=\"x-slide-pagination is-row e2704-e40 m234-g\" data-x-slide-pagination=\"\"><\/ul><\/div><\/div><\/div><\/div><\/div><\/div><\/div>\n","protected":false},"excerpt":{"rendered":"<p>Ahora que comienza un nuevo a\u00f1o acad\u00e9mico queremos dar las gracias a todos los alumnos que han desarrollado las pr\u00e1cticas en el Archivo Municipal, as\u00ed como al profesorado y las visitas escolares que hemos recibido el pasado curso interesados &#8230;<\/p>\n","protected":false},"author":2,"featured_media":2711,"comment_status":"open","ping_status":"open","sticky":false,"template":"","format":"standard","meta":{"_jetpack_memberships_contains_paid_content":false,"footnotes":""},"categories":[2],"tags":[63,161],"class_list":["post-2704","post","type-post","status-publish","format-standard","has-post-thumbnail","hentry","category-archivo","tag-practicas","tag-visitas"],"aioseo_notices":[],"jetpack_featured_media_url":"https:\/\/archivoorotava.es\/blog\/wp-content\/uploads\/2014\/09\/amlo-8.jpg","jetpack_sharing_enabled":true,"_links":{"self":[{"href":"https:\/\/archivoorotava.es\/blog\/wp-json\/wp\/v2\/posts\/2704","targetHints":{"allow":["GET"]}}],"collection":[{"href":"https:\/\/archivoorotava.es\/blog\/wp-json\/wp\/v2\/posts"}],"about":[{"href":"https:\/\/archivoorotava.es\/blog\/wp-json\/wp\/v2\/types\/post"}],"author":[{"embeddable":true,"href":"https:\/\/archivoorotava.es\/blog\/wp-json\/wp\/v2\/users\/2"}],"replies":[{"embeddable":true,"href":"https:\/\/archivoorotava.es\/blog\/wp-json\/wp\/v2\/comments?post=2704"}],"version-history":[{"count":3,"href":"https:\/\/archivoorotava.es\/blog\/wp-json\/wp\/v2\/posts\/2704\/revisions"}],"predecessor-version":[{"id":25782,"href":"https:\/\/archivoorotava.es\/blog\/wp-json\/wp\/v2\/posts\/2704\/revisions\/25782"}],"wp:featuredmedia":[{"embeddable":true,"href":"https:\/\/archivoorotava.es\/blog\/wp-json\/wp\/v2\/media\/2711"}],"wp:attachment":[{"href":"https:\/\/archivoorotava.es\/blog\/wp-json\/wp\/v2\/media?parent=2704"}],"wp:term":[{"taxonomy":"category","embeddable":true,"href":"https:\/\/archivoorotava.es\/blog\/wp-json\/wp\/v2\/categories?post=2704"},{"taxonomy":"post_tag","embeddable":true,"href":"https:\/\/archivoorotava.es\/blog\/wp-json\/wp\/v2\/tags?post=2704"}],"curies":[{"name":"wp","href":"https:\/\/api.w.org\/{rel}","templated":true}]}}