{"id":2665,"date":"2014-06-02T13:57:28","date_gmt":"2014-06-02T13:57:28","guid":{"rendered":"http:\/\/archivoorotava.wordpress.com\/?p=1410"},"modified":"2016-02-12T10:01:01","modified_gmt":"2016-02-12T10:01:01","slug":"la-orotava-a-traves-de-tres-exposiciones-del-archivo-municipal","status":"publish","type":"post","link":"https:\/\/archivoorotava.es\/blog\/2014\/06\/02\/la-orotava-a-traves-de-tres-exposiciones-del-archivo-municipal\/","title":{"rendered":"LA OROTAVA A TRAV\u00c9S DE TRES EXPOSICIONES DEL ARCHIVO MUNICIPAL"},"content":{"rendered":"<div id=\"x-section-1\" class=\"x-section\" style=\"margin: 0px; padding: 0px;  background-color: transparent;\" ><div id=\"\" class=\"x-container\" style=\"margin: 0px auto; padding: 0px; \" ><div  class=\"x-column x-sm x-1-1\" style=\"padding: 0px; \" ><div id=\"\" class=\"x-text\" style=\"\" ><p style=\"text-align: justify;\"><span  class=\"x-dropcap\" >E<\/span>l Archivo Municipal durante este mes de junio, mes de las fiestas patronales de La Orotava, se suma a estos momentos festivos que se vivir\u00e1n en la Villa con tres exposiciones que ha elaborado y que se podr\u00e1n disfrutar permitiendo conocer diversos aspectos de la interesante historia de La Orotava.<\/p>\n<p style=\"text-align: justify; text-indent: 30px;\">Tres exposiciones, tres tem\u00e1ticas y en tres \u00e1mbitos que nos llevar\u00e1n a recordar:<\/p>\n<\/div><\/div><\/div><\/div><div id=\"x-section-2\" class=\"x-section\" style=\"margin: 0px; padding: 0px;  background-color: transparent;\" ><div id=\"\" class=\"x-container\" style=\"margin: 0px auto; padding: 0px; \" ><div  class=\"x-column x-sm x-1-3\" style=\"padding: 0px; \" ><a  class=\"x-img imagen_lightbox x-img-link x-img-thumbnail\"  href=\"http:\/\/archivoorotava.es\/blog\/wp-content\/uploads\/2014\/06\/cartel-definitivo-en-jpg-reducido2.jpg\" title=\"Alfombras en La Memoria\"  data-x-element=\"extra\" data-x-params=\"{&quot;type&quot;:&quot;popover&quot;,&quot;trigger&quot;:&quot;hover&quot;,&quot;placement&quot;:&quot;top&quot;,&quot;title&quot;:&quot;&quot;,&quot;content&quot;:&quot;Las alfombras de la plaza del Ayuntamiento desde 1920. Del 4 al 30 de junio en el Museo de Las Alfombras (C\\\/ San francisco, 5).&quot;}\"  data-options=\"thumbnail: 'http:\/\/archivoorotava.es\/blog\/wp-content\/uploads\/2014\/06\/cartel-definitivo-en-jpg-reducido2.jpg'\"><img decoding=\"async\" src=\"http:\/\/archivoorotava.es\/blog\/wp-content\/uploads\/2014\/06\/cartel-definitivo-en-jpg-reducido2.jpg\" ><\/a><\/div><div  class=\"x-column x-sm x-1-3\" style=\"padding: 0px; \" ><a  class=\"x-img imagen_lightbox x-img-link x-img-thumbnail\"  href=\"http:\/\/archivoorotava.es\/blog\/wp-content\/uploads\/2014\/06\/dina-3-fiestas-1reducido.jpg\" title=\"La Orotava en Fiestas\"  data-x-element=\"extra\" data-x-params=\"{&quot;type&quot;:&quot;popover&quot;,&quot;trigger&quot;:&quot;hover&quot;,&quot;placement&quot;:&quot;top&quot;,&quot;title&quot;:&quot;&quot;,&quot;content&quot;:&quot;Las fiestas patronales desde finales del siglo XIX. Del 5 al 28 de junio en el Ayuntamiento de La Orotava.&quot;}\"  data-options=\"thumbnail: 'http:\/\/archivoorotava.es\/blog\/wp-content\/uploads\/2014\/06\/dina-3-fiestas-1reducido.jpg'\"><img decoding=\"async\" src=\"http:\/\/archivoorotava.es\/blog\/wp-content\/uploads\/2014\/06\/dina-3-fiestas-1reducido.jpg\" ><\/a><\/div><div  class=\"x-column x-sm x-1-3\" style=\"padding: 0px; \" ><a  class=\"x-img imagen_lightbox x-img-link x-img-thumbnail\"  href=\"http:\/\/archivoorotava.es\/blog\/wp-content\/uploads\/2014\/06\/cartel-definitivo-dina3-jpg-reducido21.jpg\" title=\"Vivencias de la cumbre\"  data-x-element=\"extra\" data-x-params=\"{&quot;type&quot;:&quot;popover&quot;,&quot;trigger&quot;:&quot;hover&quot;,&quot;placement&quot;:&quot;top&quot;,&quot;title&quot;:&quot;&quot;,&quot;content&quot;:&quot;Fotograf\\u00edas antiguas de la cumbre. Exposici\\u00f3n organizada por Montse Quintero Garc\\u00eda y elaborada por el Archivo Municipal. Del 13 al 23 de junio en el Centro de Visitantes Telesforo Bravo ( C\\\/ Dr. Sixto Perera Gonz\\u00e1lez, 25 \\u2013 Urb. El Mayorazgo).&quot;}\"  data-options=\"thumbnail: 'http:\/\/archivoorotava.es\/blog\/wp-content\/uploads\/2014\/06\/cartel-definitivo-dina3-jpg-reducido21.jpg'\"><img decoding=\"async\" src=\"http:\/\/archivoorotava.es\/blog\/wp-content\/uploads\/2014\/06\/cartel-definitivo-dina3-jpg-reducido21.jpg\" ><\/a><\/div><\/div><\/div><div id=\"x-section-3\" class=\"x-section\" style=\"margin: 0px; padding: 0px;  background-color: transparent;\" ><div id=\"\" class=\"x-container\" style=\"margin: 0px auto; padding: 0px; \" ><div  class=\"x-column x-sm x-1-1\" style=\"padding: 0px; \" ><div id=\"\" class=\"x-text\" style=\"\" ><p style=\"text-align: justify; text-indent: 30px;\">Aspectos de la memoria de la Villa que han perdurado en el tiempo y que hoy se pueden recordar a trav\u00e9s de estas exposiciones del Archivo Municipal y que nos hacen viajar por distintas estaciones de la historia de La Orotava.<\/p>\n<\/div><\/div><\/div><\/div><div id=\"x-section-4\" class=\"x-section\" style=\"margin: 0px; padding: 0px;  background-color: transparent;\" ><div id=\"\" class=\"x-container   max width\" style=\"margin: 0px auto; padding: 0px; \" ><div  class=\"x-column x-sm x-1-1\" style=\"padding: 0px; \" ><div  class=\"x-raw-content\" ><span id=\"x-lightbox-1\" data-x-element-lightbox=\"{&quot;selector&quot;:&quot;.imagen_lightbox&quot;,&quot;deeplink&quot;:true,&quot;opacity&quot;:&quot;0.875&quot;,&quot;prevScale&quot;:&quot;0.75&quot;,&quot;prevOpacity&quot;:&quot;0.75&quot;,&quot;nextScale&quot;:&quot;0.75&quot;,&quot;nextOpacity&quot;:&quot;0.75&quot;,&quot;orientation&quot;:&quot;horizontal&quot;,&quot;thumbnails&quot;:true}\"><\/span><\/div><\/div><\/div><\/div>\n","protected":false},"excerpt":{"rendered":"<p>El Archivo Municipal durante este mes de junio, mes de las fiestas patronales de La Orotava, se suma a estos momentos festivos que se vivir\u00e1n en la Villa con tres exposiciones que ha elaborado y que se podr\u00e1n disfrutar&#8230;<\/p>\n","protected":false},"author":2,"featured_media":2666,"comment_status":"open","ping_status":"open","sticky":false,"template":"","format":"standard","meta":{"_jetpack_memberships_contains_paid_content":false,"footnotes":""},"categories":[2,7,8,75],"tags":[23,148,149,150,151],"class_list":["post-2665","post","type-post","status-publish","format-standard","has-post-thumbnail","hentry","category-archivo","category-exposiciones","category-fiestas","category-geografia","tag-alfombras","tag-alfombras-en-la-memoria","tag-la-orotava-en-flores","tag-las-canadas","tag-vivencias-de-la-cumbre"],"aioseo_notices":[],"jetpack_featured_media_url":"https:\/\/archivoorotava.es\/blog\/wp-content\/uploads\/2014\/06\/tres-carteles.jpg","jetpack_sharing_enabled":true,"_links":{"self":[{"href":"https:\/\/archivoorotava.es\/blog\/wp-json\/wp\/v2\/posts\/2665","targetHints":{"allow":["GET"]}}],"collection":[{"href":"https:\/\/archivoorotava.es\/blog\/wp-json\/wp\/v2\/posts"}],"about":[{"href":"https:\/\/archivoorotava.es\/blog\/wp-json\/wp\/v2\/types\/post"}],"author":[{"embeddable":true,"href":"https:\/\/archivoorotava.es\/blog\/wp-json\/wp\/v2\/users\/2"}],"replies":[{"embeddable":true,"href":"https:\/\/archivoorotava.es\/blog\/wp-json\/wp\/v2\/comments?post=2665"}],"version-history":[{"count":0,"href":"https:\/\/archivoorotava.es\/blog\/wp-json\/wp\/v2\/posts\/2665\/revisions"}],"wp:featuredmedia":[{"embeddable":true,"href":"https:\/\/archivoorotava.es\/blog\/wp-json\/wp\/v2\/media\/2666"}],"wp:attachment":[{"href":"https:\/\/archivoorotava.es\/blog\/wp-json\/wp\/v2\/media?parent=2665"}],"wp:term":[{"taxonomy":"category","embeddable":true,"href":"https:\/\/archivoorotava.es\/blog\/wp-json\/wp\/v2\/categories?post=2665"},{"taxonomy":"post_tag","embeddable":true,"href":"https:\/\/archivoorotava.es\/blog\/wp-json\/wp\/v2\/tags?post=2665"}],"curies":[{"name":"wp","href":"https:\/\/api.w.org\/{rel}","templated":true}]}}