{"id":24892,"date":"2023-04-13T13:06:07","date_gmt":"2023-04-13T12:06:07","guid":{"rendered":"http:\/\/archivoorotava.es\/blog\/2023\/04\/13\/memoria-archivo-municipal-2021-2\/"},"modified":"2025-11-10T17:41:18","modified_gmt":"2025-11-10T17:41:18","slug":"memoria-archivo-municipal-2022","status":"publish","type":"post","link":"https:\/\/archivoorotava.es\/blog\/2023\/04\/13\/memoria-archivo-municipal-2022\/","title":{"rendered":"Memoria del Archivo Municipal 2022"},"content":{"rendered":"<div id=\"cs-content\" class=\"cs-content\"><div class=\"x-section e24892-e1 mj7g-0 mj7g-1 mj7g-2\"><div class=\"x-row x-container max width e24892-e2 mj7g-c mj7g-d mj7g-f mj7g-g\"><div class=\"x-row-inner\"><div class=\"x-col e24892-e3 mj7g-j\"><div class=\"x-text x-content e24892-e4 mj7g-k\"><p style=\"text-align: justify;\"><span  class=\"x-dropcap\" >L<\/span>a sede central del Archivo Municipal de La Orotava (AMLO) fue escenario ayer de la presentaci\u00f3n de la Memoria de actividades correspondiente al a\u00f1o 2022. El alcalde Francisco Linares y la concejala delegada de esta \u00e1rea, Delia Escobar desgranaron el amplio abanico de actividades de car\u00e1cter cultural, exposiciones, talleres y cursos realizados en el Archivo haciendo hincapi\u00e9 en el constante crecimiento de los fondos y del trabajo desarrollado por el personal del Archivo. Aprovecharon la ocasi\u00f3n para agradecer a todos los ciudadanos que han contribuido con las donaciones enriqueciendo el rico patrimonio cultural custodiado en el Archivo Municipal de La Orotava.  Exponemos algunas de las im\u00e1genes de la rueda de prensa y el v\u00eddeo de la misma, con lo que queremos dar las gracias a todos los que han contribuido y participado en dichas actividades, que contribuyen a que los documentos que forman la historia de La Orotava se conozcan, permanezcan vivos y sean disfrutados por todos.<\/p>\n<p style=\"text-align: justify; text-indent: 30px;\">La documentaci\u00f3n ocupa 2.541 metros lineales, (longitud que se obtiene al medir el n\u00famero de cajas de documentos colocadas verticalmente) y cuenta con 18.473 unidades de instalaci\u00f3n. Su origen es mayoritariamente municipal, abarcando desde el siglo XIX hasta el 2022, aunque tambi\u00e9n incluye documentaci\u00f3n de Fondos Familiares que han sido donados al Archivo y cuya documentaci\u00f3n m\u00e1s antigua es del siglo XV.<\/p>\n\n\t<p style=\"text-align: justify; text-indent: 30px;\">Adem\u00e1s de las unidades de instalaci\u00f3n, el Fondo tambi\u00e9n cuenta con 2.236 audiovisuales, 4.703 libros administrativos, 79.102 fotograf\u00edas, 6.619 carteles, 2.663 programas y folletos, ademas de una biblioteca auxiliar especializada en Historia Local con 542 libros, la colecci\u00f3n de sellos de caucho y material que se ha utilizado para la elaboraci\u00f3n de documentos y que forman parte del Museo del Documento que puede ser visitado por los ciudadanos en el propio Archivo y que cuenta, por ejemplo, con elementos de reproducci\u00f3n de principios del siglo XX.<\/p><\/div><\/div><\/div><\/div><\/div><div class=\"x-section e24892-e5 mj7g-2 mj7g-3 mj7g-4\"><div class=\"x-bg\" aria-hidden=\"true\" style=\"border-radius: 70px;\"><div class=\"x-bg-layer-lower-color\"><\/div><div class=\"x-bg-layer-upper-color\"><\/div><\/div><div class=\"x-row x-container max width e24892-e6 mj7g-c mj7g-e mj7g-h\"><div class=\"x-row-inner\"><div class=\"x-col e24892-e7 mj7g-j\"><div class=\"x-div e24892-e8 mj7g-l mj7g-m mj7g-n\"><div class=\"x-div e24892-e9 mj7g-l mj7g-m mj7g-n\"><div class=\"x-slide-container-viewport is-loading e24892-e10 mj7g-r\" data-x-slide-container=\"{&quot;keyboardNavigation&quot;:true,&quot;autoplayStartInView&quot;:true,&quot;startingSlide&quot;:1,&quot;enter&quot;:&quot;fade&quot;,&quot;exit&quot;:&quot;fade&quot;,&quot;swipe&quot;:&quot;x&quot;,&quot;autoplay&quot;:&quot;interval&quot;,&quot;stacked&quot;:true}\"><div class=\"x-slide-container-content x-container max width\"><div class=\"x-slide-container is-stacked\"><div class=\"x-slide e24892-e11 mj7g-s mj7g-t mj7g-6 mj7g-7 x-effect-exit\" data-x-slide=\"\" data-x-effect=\"{&quot;scroll&quot;:true,&quot;offsetTop&quot;:&quot;10%&quot;,&quot;offsetBottom&quot;:&quot;10%&quot;,&quot;behaviorScroll&quot;:&quot;fire-once&quot;,&quot;animationEnter&quot;:&quot;fadeInUpBig&quot;,&quot;animationExit&quot;:&quot;rotateOut&quot;}\"><a class=\"x-image e24892-e12 mj7g-v mj7g-8 mj7g-9\" data-x-effect=\"{&quot;durationBase&quot;:&quot;300ms&quot;}\" href=\"https:\/\/archivoorotava.es\/blog\/wp-content\/uploads\/2023\/04\/memoria-2022-1.jpg\"><img decoding=\"async\" src=\"https:\/\/archivoorotava.es\/blog\/wp-content\/uploads\/2023\/04\/memoria-2022-1.jpg\" srcset=\"https:\/\/archivoorotava.es\/blog\/wp-content\/uploads\/2023\/04\/memoria-2022-1.jpg 1333w, https:\/\/archivoorotava.es\/blog\/wp-content\/uploads\/2023\/04\/memoria-2022-1-300x225.jpg 300w, https:\/\/archivoorotava.es\/blog\/wp-content\/uploads\/2023\/04\/memoria-2022-1-1024x768.jpg 1024w, https:\/\/archivoorotava.es\/blog\/wp-content\/uploads\/2023\/04\/memoria-2022-1-768x576.jpg 768w, https:\/\/archivoorotava.es\/blog\/wp-content\/uploads\/2023\/04\/memoria-2022-1-100x75.jpg 100w, https:\/\/archivoorotava.es\/blog\/wp-content\/uploads\/2023\/04\/memoria-2022-1-1080x810.jpg 1080w, https:\/\/archivoorotava.es\/blog\/wp-content\/uploads\/2023\/04\/memoria-2022-1-1320x990.jpg 1320w\" sizes=\"(max-width: 1333px) 100vw, 1333px\" alt=\"\" loading=\"lazy\"><\/a><\/div><div class=\"x-slide e24892-e13 mj7g-s mj7g-u mj7g-6 mj7g-7 x-effect-exit\" data-x-slide=\"\" data-x-effect=\"{&quot;scroll&quot;:true,&quot;offsetTop&quot;:&quot;10%&quot;,&quot;offsetBottom&quot;:&quot;10%&quot;,&quot;behaviorScroll&quot;:&quot;fire-once&quot;,&quot;animationEnter&quot;:&quot;fadeInUpBig&quot;,&quot;animationExit&quot;:&quot;rotateOut&quot;}\"><a class=\"x-image e24892-e14 mj7g-v mj7g-8 mj7g-9\" data-x-effect=\"{&quot;durationBase&quot;:&quot;300ms&quot;}\" href=\"https:\/\/archivoorotava.es\/blog\/wp-content\/uploads\/2023\/04\/memoria-2022-2.jpg\"><img decoding=\"async\" src=\"https:\/\/archivoorotava.es\/blog\/wp-content\/uploads\/2023\/04\/memoria-2022-2.jpg\" srcset=\"https:\/\/archivoorotava.es\/blog\/wp-content\/uploads\/2023\/04\/memoria-2022-2.jpg 1333w, https:\/\/archivoorotava.es\/blog\/wp-content\/uploads\/2023\/04\/memoria-2022-2-300x225.jpg 300w, https:\/\/archivoorotava.es\/blog\/wp-content\/uploads\/2023\/04\/memoria-2022-2-1024x768.jpg 1024w, https:\/\/archivoorotava.es\/blog\/wp-content\/uploads\/2023\/04\/memoria-2022-2-768x576.jpg 768w, https:\/\/archivoorotava.es\/blog\/wp-content\/uploads\/2023\/04\/memoria-2022-2-100x75.jpg 100w, https:\/\/archivoorotava.es\/blog\/wp-content\/uploads\/2023\/04\/memoria-2022-2-1080x810.jpg 1080w, https:\/\/archivoorotava.es\/blog\/wp-content\/uploads\/2023\/04\/memoria-2022-2-1320x990.jpg 1320w\" sizes=\"(max-width: 1333px) 100vw, 1333px\" alt=\"\" loading=\"lazy\"><\/a><\/div><div class=\"x-slide e24892-e15 mj7g-s mj7g-u mj7g-6 mj7g-7 x-effect-exit\" data-x-slide=\"\" data-x-effect=\"{&quot;scroll&quot;:true,&quot;offsetTop&quot;:&quot;10%&quot;,&quot;offsetBottom&quot;:&quot;10%&quot;,&quot;behaviorScroll&quot;:&quot;fire-once&quot;,&quot;animationEnter&quot;:&quot;fadeInUpBig&quot;,&quot;animationExit&quot;:&quot;rotateOut&quot;}\"><a class=\"x-image e24892-e16 mj7g-v mj7g-w mj7g-8 mj7g-9\" data-x-effect=\"{&quot;durationBase&quot;:&quot;300ms&quot;}\" href=\"https:\/\/archivoorotava.es\/blog\/wp-content\/uploads\/2023\/04\/memoria-2022-3.jpg\"><img decoding=\"async\" src=\"https:\/\/archivoorotava.es\/blog\/wp-content\/uploads\/2023\/04\/memoria-2022-3.jpg\" srcset=\"https:\/\/archivoorotava.es\/blog\/wp-content\/uploads\/2023\/04\/memoria-2022-3.jpg 1333w, https:\/\/archivoorotava.es\/blog\/wp-content\/uploads\/2023\/04\/memoria-2022-3-300x225.jpg 300w, https:\/\/archivoorotava.es\/blog\/wp-content\/uploads\/2023\/04\/memoria-2022-3-1024x768.jpg 1024w, https:\/\/archivoorotava.es\/blog\/wp-content\/uploads\/2023\/04\/memoria-2022-3-768x576.jpg 768w, https:\/\/archivoorotava.es\/blog\/wp-content\/uploads\/2023\/04\/memoria-2022-3-100x75.jpg 100w, https:\/\/archivoorotava.es\/blog\/wp-content\/uploads\/2023\/04\/memoria-2022-3-1080x810.jpg 1080w, https:\/\/archivoorotava.es\/blog\/wp-content\/uploads\/2023\/04\/memoria-2022-3-1320x990.jpg 1320w\" sizes=\"(max-width: 1333px) 100vw, 1333px\" alt=\"\" loading=\"lazy\"><\/a><\/div><div class=\"x-slide e24892-e17 mj7g-s mj7g-u mj7g-6 mj7g-7 x-effect-exit\" data-x-slide=\"\" data-x-effect=\"{&quot;scroll&quot;:true,&quot;offsetTop&quot;:&quot;10%&quot;,&quot;offsetBottom&quot;:&quot;10%&quot;,&quot;behaviorScroll&quot;:&quot;fire-once&quot;,&quot;animationEnter&quot;:&quot;fadeInUpBig&quot;,&quot;animationExit&quot;:&quot;rotateOut&quot;}\"><a class=\"x-image e24892-e18 mj7g-v mj7g-w mj7g-8 mj7g-9\" data-x-effect=\"{&quot;durationBase&quot;:&quot;300ms&quot;}\" href=\"https:\/\/archivoorotava.es\/blog\/wp-content\/uploads\/2023\/04\/memoria-2022-4.jpg\"><img decoding=\"async\" src=\"https:\/\/archivoorotava.es\/blog\/wp-content\/uploads\/2023\/04\/memoria-2022-4.jpg\" srcset=\"https:\/\/archivoorotava.es\/blog\/wp-content\/uploads\/2023\/04\/memoria-2022-4.jpg 1333w, https:\/\/archivoorotava.es\/blog\/wp-content\/uploads\/2023\/04\/memoria-2022-4-300x225.jpg 300w, https:\/\/archivoorotava.es\/blog\/wp-content\/uploads\/2023\/04\/memoria-2022-4-1024x768.jpg 1024w, https:\/\/archivoorotava.es\/blog\/wp-content\/uploads\/2023\/04\/memoria-2022-4-768x576.jpg 768w, https:\/\/archivoorotava.es\/blog\/wp-content\/uploads\/2023\/04\/memoria-2022-4-100x75.jpg 100w, https:\/\/archivoorotava.es\/blog\/wp-content\/uploads\/2023\/04\/memoria-2022-4-1080x810.jpg 1080w, https:\/\/archivoorotava.es\/blog\/wp-content\/uploads\/2023\/04\/memoria-2022-4-1320x990.jpg 1320w\" sizes=\"(max-width: 1333px) 100vw, 1333px\" alt=\"\" loading=\"lazy\"><\/a><\/div><div class=\"x-slide e24892-e19 mj7g-s mj7g-u mj7g-6 mj7g-7 x-effect-exit\" data-x-slide=\"\" data-x-effect=\"{&quot;scroll&quot;:true,&quot;offsetTop&quot;:&quot;10%&quot;,&quot;offsetBottom&quot;:&quot;10%&quot;,&quot;behaviorScroll&quot;:&quot;fire-once&quot;,&quot;animationEnter&quot;:&quot;fadeInUpBig&quot;,&quot;animationExit&quot;:&quot;rotateOut&quot;}\"><a class=\"x-image e24892-e20 mj7g-v mj7g-w mj7g-8 mj7g-9\" data-x-effect=\"{&quot;durationBase&quot;:&quot;300ms&quot;}\" href=\"https:\/\/archivoorotava.es\/blog\/wp-content\/uploads\/2023\/04\/memoria-2022-5.jpg\"><img decoding=\"async\" src=\"https:\/\/archivoorotava.es\/blog\/wp-content\/uploads\/2023\/04\/memoria-2022-5.jpg\" srcset=\"https:\/\/archivoorotava.es\/blog\/wp-content\/uploads\/2023\/04\/memoria-2022-5.jpg 1333w, https:\/\/archivoorotava.es\/blog\/wp-content\/uploads\/2023\/04\/memoria-2022-5-300x225.jpg 300w, https:\/\/archivoorotava.es\/blog\/wp-content\/uploads\/2023\/04\/memoria-2022-5-1024x768.jpg 1024w, https:\/\/archivoorotava.es\/blog\/wp-content\/uploads\/2023\/04\/memoria-2022-5-768x576.jpg 768w, https:\/\/archivoorotava.es\/blog\/wp-content\/uploads\/2023\/04\/memoria-2022-5-100x75.jpg 100w, https:\/\/archivoorotava.es\/blog\/wp-content\/uploads\/2023\/04\/memoria-2022-5-1080x810.jpg 1080w, https:\/\/archivoorotava.es\/blog\/wp-content\/uploads\/2023\/04\/memoria-2022-5-1320x990.jpg 1320w\" sizes=\"(max-width: 1333px) 100vw, 1333px\" alt=\"\" loading=\"lazy\"><\/a><\/div><div class=\"x-slide e24892-e21 mj7g-s mj7g-u mj7g-6 mj7g-7 x-effect-exit\" data-x-slide=\"\" data-x-effect=\"{&quot;scroll&quot;:true,&quot;offsetTop&quot;:&quot;10%&quot;,&quot;offsetBottom&quot;:&quot;10%&quot;,&quot;behaviorScroll&quot;:&quot;fire-once&quot;,&quot;animationEnter&quot;:&quot;fadeInUpBig&quot;,&quot;animationExit&quot;:&quot;rotateOut&quot;}\"><a class=\"x-image e24892-e22 mj7g-v mj7g-w mj7g-8 mj7g-9\" data-x-effect=\"{&quot;durationBase&quot;:&quot;300ms&quot;}\" href=\"https:\/\/archivoorotava.es\/blog\/wp-content\/uploads\/2023\/04\/memoria-2022-6.jpg\"><img decoding=\"async\" src=\"https:\/\/archivoorotava.es\/blog\/wp-content\/uploads\/2023\/04\/memoria-2022-6.jpg\" srcset=\"https:\/\/archivoorotava.es\/blog\/wp-content\/uploads\/2023\/04\/memoria-2022-6.jpg 1333w, https:\/\/archivoorotava.es\/blog\/wp-content\/uploads\/2023\/04\/memoria-2022-6-300x225.jpg 300w, https:\/\/archivoorotava.es\/blog\/wp-content\/uploads\/2023\/04\/memoria-2022-6-1024x768.jpg 1024w, https:\/\/archivoorotava.es\/blog\/wp-content\/uploads\/2023\/04\/memoria-2022-6-768x576.jpg 768w, https:\/\/archivoorotava.es\/blog\/wp-content\/uploads\/2023\/04\/memoria-2022-6-100x75.jpg 100w, https:\/\/archivoorotava.es\/blog\/wp-content\/uploads\/2023\/04\/memoria-2022-6-1080x810.jpg 1080w, https:\/\/archivoorotava.es\/blog\/wp-content\/uploads\/2023\/04\/memoria-2022-6-1320x990.jpg 1320w\" sizes=\"(max-width: 1333px) 100vw, 1333px\" alt=\"\" loading=\"lazy\"><\/a><\/div><div class=\"x-slide e24892-e23 mj7g-s mj7g-u mj7g-6 mj7g-7 x-effect-exit\" data-x-slide=\"\" data-x-effect=\"{&quot;scroll&quot;:true,&quot;offsetTop&quot;:&quot;10%&quot;,&quot;offsetBottom&quot;:&quot;10%&quot;,&quot;behaviorScroll&quot;:&quot;fire-once&quot;,&quot;animationEnter&quot;:&quot;fadeInUpBig&quot;,&quot;animationExit&quot;:&quot;rotateOut&quot;}\"><a class=\"x-image e24892-e24 mj7g-v mj7g-w mj7g-8 mj7g-9\" data-x-effect=\"{&quot;durationBase&quot;:&quot;300ms&quot;}\" href=\"https:\/\/archivoorotava.es\/blog\/wp-content\/uploads\/2023\/04\/memoria-2022-7.jpg\"><img decoding=\"async\" src=\"https:\/\/archivoorotava.es\/blog\/wp-content\/uploads\/2023\/04\/memoria-2022-7.jpg\" srcset=\"https:\/\/archivoorotava.es\/blog\/wp-content\/uploads\/2023\/04\/memoria-2022-7.jpg 1778w, https:\/\/archivoorotava.es\/blog\/wp-content\/uploads\/2023\/04\/memoria-2022-7-300x169.jpg 300w, https:\/\/archivoorotava.es\/blog\/wp-content\/uploads\/2023\/04\/memoria-2022-7-1024x576.jpg 1024w, https:\/\/archivoorotava.es\/blog\/wp-content\/uploads\/2023\/04\/memoria-2022-7-768x432.jpg 768w, https:\/\/archivoorotava.es\/blog\/wp-content\/uploads\/2023\/04\/memoria-2022-7-1536x864.jpg 1536w, https:\/\/archivoorotava.es\/blog\/wp-content\/uploads\/2023\/04\/memoria-2022-7-100x56.jpg 100w, https:\/\/archivoorotava.es\/blog\/wp-content\/uploads\/2023\/04\/memoria-2022-7-1080x607.jpg 1080w, https:\/\/archivoorotava.es\/blog\/wp-content\/uploads\/2023\/04\/memoria-2022-7-1500x844.jpg 1500w, https:\/\/archivoorotava.es\/blog\/wp-content\/uploads\/2023\/04\/memoria-2022-7-1320x742.jpg 1320w\" sizes=\"(max-width: 1778px) 100vw, 1778px\" alt=\"\" loading=\"lazy\"><\/a><\/div><\/div><\/div><\/div><div class=\"x-div e24892-e25 mj7g-l mj7g-m mj7g-o mj7g-p mj7g-a\"><a class=\"x-div e24892-e26 mj7g-l mj7g-n mj7g-o mj7g-q\" href=\"#prev\" data-x-effect-provider=\"colors particles effects\" data-x-slide-prev=\"\"><i class=\"x-icon e24892-e27 mj7g-x\" aria-hidden=\"true\" data-x-icon-o=\"&#xf060;\"><\/i><\/a><a class=\"x-div e24892-e28 mj7g-l mj7g-n mj7g-o mj7g-q\" href=\"#next\" data-x-effect-provider=\"colors particles effects\" data-x-slide-next=\"\"><i class=\"x-icon e24892-e29 mj7g-x\" aria-hidden=\"true\" data-x-icon-o=\"&#xf061;\"><\/i><\/a><\/div><\/div><ul class=\"x-slide-pagination is-row e24892-e30 mj7g-y\" data-x-slide-pagination=\"\"><\/ul><\/div><\/div><\/div><\/div><\/div><div class=\"x-section e24892-e31 mj7g-1 mj7g-2 mj7g-4 mj7g-5\"><div class=\"x-bg\" aria-hidden=\"true\" style=\"border-radius: 70px;\"><div class=\"x-bg-layer-lower-color\"><\/div><div class=\"x-bg-layer-upper-color\"><\/div><\/div><div class=\"x-row x-container max width e24892-e32 mj7g-c mj7g-d mj7g-f mj7g-i\"><div class=\"x-row-inner\"><div class=\"x-col e24892-e33 mj7g-j\"><div class=\"x-text x-text-headline e24892-e34 mj7g-z mj7g-7 mj7g-9 mj7g-b x-effect-exit\" data-x-effect=\"{&quot;animationAlt&quot;:&quot;rubberBand&quot;,&quot;scroll&quot;:true,&quot;offsetTop&quot;:&quot;10%&quot;,&quot;offsetBottom&quot;:&quot;10%&quot;,&quot;behaviorScroll&quot;:&quot;fire-once&quot;,&quot;animationEnter&quot;:&quot;fadeInRight&quot;,&quot;animationExit&quot;:&quot;rollOut&quot;}\"><div class=\"x-text-content\"><div class=\"x-text-content-text\"><h1 class=\"x-text-content-text-primary\">V\u00cdDEO PRESENTACI\u00d3N MEMORIA 2022<\/h1>\n<\/div><\/div><\/div><div class=\"x-frame x-frame-video-player e24892-e35 mj7g-10 mj7g-11\"><div class=\"x-frame-inner\"><div class=\"x-video x-video-player autoplay\" data-x-element-mejs=\"{&quot;poster&quot;:&quot;24901:full&quot;,&quot;options&quot;:{&quot;pause_out_of_view&quot;:false}}\"><video class=\"x-mejs advanced-controls\" poster=\"https:\/\/archivoorotava.es\/blog\/wp-content\/uploads\/2023\/04\/memoria-2022-2.jpg\" preload=\"metadata\" options=\"\"><source src=\"http:\/\/archivoorotava.es\/blog\/wp-content\/uploads\/2023\/04\/memoria-anual-de-archivo-municipal-reducido.mp4\" type=\"video\/mp4\"><\/video><\/div><\/div><\/div><\/div><\/div><\/div><\/div><\/div>\n","protected":false},"excerpt":{"rendered":"<p>La sede central del Archivo Municipal de La Orotava (AMLO) fue escenario ayer de la presentaci\u00f3n de la Memoria de actividades correspondiente al a\u00f1o 2022. El alcalde Francisco Linares y la concejala delegada de esta \u00e1rea, Delia Escobar desgranaron el&#8230;<\/p>\n","protected":false},"author":7,"featured_media":24901,"comment_status":"open","ping_status":"open","sticky":false,"template":"","format":"standard","meta":{"_jetpack_memberships_contains_paid_content":false,"footnotes":""},"categories":[2,16],"tags":[],"class_list":["post-24892","post","type-post","status-publish","format-standard","has-post-thumbnail","hentry","category-archivo","category-videos"],"aioseo_notices":[],"jetpack_featured_media_url":"https:\/\/archivoorotava.es\/blog\/wp-content\/uploads\/2023\/04\/memoria-2022-2.jpg","jetpack_sharing_enabled":true,"_links":{"self":[{"href":"https:\/\/archivoorotava.es\/blog\/wp-json\/wp\/v2\/posts\/24892","targetHints":{"allow":["GET"]}}],"collection":[{"href":"https:\/\/archivoorotava.es\/blog\/wp-json\/wp\/v2\/posts"}],"about":[{"href":"https:\/\/archivoorotava.es\/blog\/wp-json\/wp\/v2\/types\/post"}],"author":[{"embeddable":true,"href":"https:\/\/archivoorotava.es\/blog\/wp-json\/wp\/v2\/users\/7"}],"replies":[{"embeddable":true,"href":"https:\/\/archivoorotava.es\/blog\/wp-json\/wp\/v2\/comments?post=24892"}],"version-history":[{"count":13,"href":"https:\/\/archivoorotava.es\/blog\/wp-json\/wp\/v2\/posts\/24892\/revisions"}],"predecessor-version":[{"id":25851,"href":"https:\/\/archivoorotava.es\/blog\/wp-json\/wp\/v2\/posts\/24892\/revisions\/25851"}],"wp:featuredmedia":[{"embeddable":true,"href":"https:\/\/archivoorotava.es\/blog\/wp-json\/wp\/v2\/media\/24901"}],"wp:attachment":[{"href":"https:\/\/archivoorotava.es\/blog\/wp-json\/wp\/v2\/media?parent=24892"}],"wp:term":[{"taxonomy":"category","embeddable":true,"href":"https:\/\/archivoorotava.es\/blog\/wp-json\/wp\/v2\/categories?post=24892"},{"taxonomy":"post_tag","embeddable":true,"href":"https:\/\/archivoorotava.es\/blog\/wp-json\/wp\/v2\/tags?post=24892"}],"curies":[{"name":"wp","href":"https:\/\/api.w.org\/{rel}","templated":true}]}}