{"id":24490,"date":"2022-12-13T11:31:50","date_gmt":"2022-12-13T11:31:50","guid":{"rendered":"http:\/\/archivoorotava.es\/blog\/?p=24490"},"modified":"2023-04-13T13:54:25","modified_gmt":"2023-04-13T12:54:25","slug":"calendario-2023","status":"publish","type":"post","link":"https:\/\/archivoorotava.es\/blog\/2022\/12\/13\/calendario-2023\/","title":{"rendered":"Calendario 2023"},"content":{"rendered":"<div id=\"cs-content\" class=\"cs-content\"><\/div>\n","protected":false},"excerpt":{"rendered":"<p>Como en los a\u00f1os anteriores, el Archivo Municipal de La Orotava ha realizado un calendario en dos tama\u00f1os. En esta ocasi\u00f3n corresponde al a\u00f1o 2023&#8230;<\/p>\n","protected":false},"author":7,"featured_media":24487,"comment_status":"open","ping_status":"open","sticky":false,"template":"","format":"standard","meta":{"_jetpack_memberships_contains_paid_content":false,"footnotes":""},"categories":[195,10,1],"tags":[],"class_list":["post-24490","post","type-post","status-publish","format-standard","has-post-thumbnail","hentry","category-fotografias","category-historia","category-sin-categoria"],"aioseo_notices":[],"jetpack_featured_media_url":"https:\/\/archivoorotava.es\/blog\/wp-content\/uploads\/2022\/12\/portada-entrada-calendario.jpg","jetpack_sharing_enabled":true,"_links":{"self":[{"href":"https:\/\/archivoorotava.es\/blog\/wp-json\/wp\/v2\/posts\/24490","targetHints":{"allow":["GET"]}}],"collection":[{"href":"https:\/\/archivoorotava.es\/blog\/wp-json\/wp\/v2\/posts"}],"about":[{"href":"https:\/\/archivoorotava.es\/blog\/wp-json\/wp\/v2\/types\/post"}],"author":[{"embeddable":true,"href":"https:\/\/archivoorotava.es\/blog\/wp-json\/wp\/v2\/users\/7"}],"replies":[{"embeddable":true,"href":"https:\/\/archivoorotava.es\/blog\/wp-json\/wp\/v2\/comments?post=24490"}],"version-history":[{"count":8,"href":"https:\/\/archivoorotava.es\/blog\/wp-json\/wp\/v2\/posts\/24490\/revisions"}],"predecessor-version":[{"id":24915,"href":"https:\/\/archivoorotava.es\/blog\/wp-json\/wp\/v2\/posts\/24490\/revisions\/24915"}],"wp:featuredmedia":[{"embeddable":true,"href":"https:\/\/archivoorotava.es\/blog\/wp-json\/wp\/v2\/media\/24487"}],"wp:attachment":[{"href":"https:\/\/archivoorotava.es\/blog\/wp-json\/wp\/v2\/media?parent=24490"}],"wp:term":[{"taxonomy":"category","embeddable":true,"href":"https:\/\/archivoorotava.es\/blog\/wp-json\/wp\/v2\/categories?post=24490"},{"taxonomy":"post_tag","embeddable":true,"href":"https:\/\/archivoorotava.es\/blog\/wp-json\/wp\/v2\/tags?post=24490"}],"curies":[{"name":"wp","href":"https:\/\/api.w.org\/{rel}","templated":true}]}}