{"id":23659,"date":"2021-12-13T12:07:53","date_gmt":"2021-12-13T12:07:53","guid":{"rendered":"http:\/\/archivoorotava.es\/blog\/?p=23659"},"modified":"2021-12-13T12:07:53","modified_gmt":"2021-12-13T12:07:53","slug":"4o-trimestre-de-1921-en-la-orotava","status":"publish","type":"post","link":"https:\/\/archivoorotava.es\/blog\/2021\/12\/13\/4o-trimestre-de-1921-en-la-orotava\/","title":{"rendered":"4\u00ba trimestre de 1921 en La Orotava"},"content":{"rendered":"<div id=\"cs-content\" class=\"cs-content\"><\/div>\n","protected":false},"excerpt":{"rendered":"<p>Finalizando 2021, queremos retroceder 100 a\u00f1os para recordar hechos que han quedado reflejados en expedientes, libros administrativos, fotograf\u00edas, etc. Un viaje en el tiempo al a\u00f1o 1921, que nos ayuda a recordar el patrimonio documental&#8230;<\/p>\n","protected":false},"author":7,"featured_media":23655,"comment_status":"open","ping_status":"open","sticky":false,"template":"","format":"standard","meta":{"_jetpack_memberships_contains_paid_content":false,"footnotes":""},"categories":[2,10,14],"tags":[],"class_list":["post-23659","post","type-post","status-publish","format-standard","has-post-thumbnail","hentry","category-archivo","category-historia","category-siglo-xx"],"aioseo_notices":[],"jetpack_featured_media_url":"https:\/\/archivoorotava.es\/blog\/wp-content\/uploads\/2021\/12\/0-y-5-4o-trimestre-1921-banda-de-musica.jpg","jetpack_sharing_enabled":true,"_links":{"self":[{"href":"https:\/\/archivoorotava.es\/blog\/wp-json\/wp\/v2\/posts\/23659","targetHints":{"allow":["GET"]}}],"collection":[{"href":"https:\/\/archivoorotava.es\/blog\/wp-json\/wp\/v2\/posts"}],"about":[{"href":"https:\/\/archivoorotava.es\/blog\/wp-json\/wp\/v2\/types\/post"}],"author":[{"embeddable":true,"href":"https:\/\/archivoorotava.es\/blog\/wp-json\/wp\/v2\/users\/7"}],"replies":[{"embeddable":true,"href":"https:\/\/archivoorotava.es\/blog\/wp-json\/wp\/v2\/comments?post=23659"}],"version-history":[{"count":4,"href":"https:\/\/archivoorotava.es\/blog\/wp-json\/wp\/v2\/posts\/23659\/revisions"}],"predecessor-version":[{"id":23663,"href":"https:\/\/archivoorotava.es\/blog\/wp-json\/wp\/v2\/posts\/23659\/revisions\/23663"}],"wp:featuredmedia":[{"embeddable":true,"href":"https:\/\/archivoorotava.es\/blog\/wp-json\/wp\/v2\/media\/23655"}],"wp:attachment":[{"href":"https:\/\/archivoorotava.es\/blog\/wp-json\/wp\/v2\/media?parent=23659"}],"wp:term":[{"taxonomy":"category","embeddable":true,"href":"https:\/\/archivoorotava.es\/blog\/wp-json\/wp\/v2\/categories?post=23659"},{"taxonomy":"post_tag","embeddable":true,"href":"https:\/\/archivoorotava.es\/blog\/wp-json\/wp\/v2\/tags?post=23659"}],"curies":[{"name":"wp","href":"https:\/\/api.w.org\/{rel}","templated":true}]}}