{"id":2324,"date":"2014-03-14T14:08:45","date_gmt":"2014-03-14T14:08:45","guid":{"rendered":"http:\/\/archivoorotava.wordpress.com\/?p=1311"},"modified":"2016-02-16T10:33:15","modified_gmt":"2016-02-16T10:33:15","slug":"archivo-municipal-la-orotava-actividades-del-ano-2013","status":"publish","type":"post","link":"https:\/\/archivoorotava.es\/blog\/2014\/03\/14\/archivo-municipal-la-orotava-actividades-del-ano-2013\/","title":{"rendered":"Archivo Municipal La Orotava, actividades del a\u00f1o 2013"},"content":{"rendered":"<div id=\"x-section-1\" class=\"x-section\" style=\"margin: 0px; padding: 0px;  background-color: transparent;\" ><div id=\"\" class=\"x-container\" style=\"margin: 0px auto; padding: 0px; \" ><div  class=\"x-column x-sm x-1-1\" style=\"padding: 0px; \" ><div id=\"\" class=\"x-text\" style=\"\" ><p style=\"text-align: justify;\"><span  class=\"x-dropcap\" >L<\/span>os pasados d\u00edas el Archivo Municipal present\u00f3 la memoria 2013, que contiene el balance de las actividades realizadas el pasado a\u00f1o, que someramente exponemos junto a algunas im\u00e1genes de la rueda de prensa realizada con motivo de dicha presentaci\u00f3n y con las que queremos agradecer a todos los que han contribuido y participado en las mismas.<\/p>\n<\/div><\/div><\/div><\/div><div id=\"x-section-2\" class=\"x-section\" style=\"margin: 0px; padding: 0px;  background-color: transparent;\" ><div id=\"\" class=\"x-container\" style=\"margin: 0px auto; padding: 0px; \" ><div  class=\"x-column x-sm x-1-3\" style=\"padding: 0px; opacity: 0; transform: translate(-45px, 0); transition-duration: 750ms;\" data-x-element=\"column\" data-x-params=\"{&quot;fade&quot;:true}\" data-fade=\"true\"><a  class=\"x-img imagen_lightbox x-img-link x-img-thumbnail\"  href=\"http:\/\/archivoorotava.es\/blog\/wp-content\/uploads\/2014\/04\/Memoria-2013-1.jpg\"     data-options=\"thumbnail: 'http:\/\/archivoorotava.es\/blog\/wp-content\/uploads\/2014\/04\/Memoria-2013-1.jpg'\"><img decoding=\"async\" src=\"http:\/\/archivoorotava.es\/blog\/wp-content\/uploads\/2014\/04\/Memoria-2013-1.jpg\" ><\/a><\/div><div  class=\"x-column x-sm x-1-3\" style=\"padding: 0px; opacity: 0; transform: translate(-45px, 0); transition-duration: 750ms;\" data-x-element=\"column\" data-x-params=\"{&quot;fade&quot;:true}\" data-fade=\"true\"><a  class=\"x-img imagen_lightbox x-img-link x-img-thumbnail\"  href=\"http:\/\/archivoorotava.es\/blog\/wp-content\/uploads\/2014\/04\/Memoria-2013-2.jpg\"     data-options=\"thumbnail: 'http:\/\/archivoorotava.es\/blog\/wp-content\/uploads\/2014\/04\/Memoria-2013-2.jpg'\"><img decoding=\"async\" src=\"http:\/\/archivoorotava.es\/blog\/wp-content\/uploads\/2014\/04\/Memoria-2013-2.jpg\" ><\/a><\/div><div  class=\"x-column x-sm x-1-3\" style=\"padding: 0px; opacity: 0; transform: translate(-45px, 0); transition-duration: 750ms;\" data-x-element=\"column\" data-x-params=\"{&quot;fade&quot;:true}\" data-fade=\"true\"><a  class=\"x-img imagen_lightbox x-img-link x-img-thumbnail\"  href=\"http:\/\/archivoorotava.es\/blog\/wp-content\/uploads\/2014\/04\/Memoria-2013-3.jpg\"     data-options=\"thumbnail: 'http:\/\/archivoorotava.es\/blog\/wp-content\/uploads\/2014\/04\/Memoria-2013-3.jpg'\"><img decoding=\"async\" src=\"http:\/\/archivoorotava.es\/blog\/wp-content\/uploads\/2014\/04\/Memoria-2013-3.jpg\" ><\/a><\/div><\/div><\/div><div id=\"x-section-3\" class=\"x-section\" style=\"margin: 0px; padding: 0px;  background-color: transparent;\" ><div id=\"\" class=\"x-container\" style=\"margin: 0px auto; padding: 0px; \" ><div  class=\"x-column x-sm x-1-1\" style=\"padding: 0px; \" ><div id=\"\" class=\"x-text\" style=\"\" ><p style=\"text-align: justify; text-indent: 30px;\">La finalidad del Archivo es garantizar el acceso y localizaci\u00f3n de datos, as\u00ed como conservar y difundir el patrimonio documental de la Villa de La Orotava. El fondo documental se increment\u00f3 en 25.211 nuevos documentos como consecuencia de 36 transferencias y 43 donaciones, las cuales se realizaron en unos casos cediendo los originales y en otros permitiendo su reproducci\u00f3n. El Archivo agradece especialmente estas donaciones, que contribuyen a concentrar y garantizar la conservaci\u00f3n de la historia de La Orotava.<\/p>\n<\/div><\/div><\/div><\/div><div id=\"x-section-4\" class=\"x-section\" style=\"margin: 0px; padding: 0px;  background-color: transparent;\" ><div id=\"\" class=\"x-container\" style=\"margin: 0px auto; padding: 0px; \" ><div  class=\"x-column x-sm x-1-3\" style=\"padding: 0px; opacity: 0; transform: translate(45px, 0); transition-duration: 750ms;\" data-x-element=\"column\" data-x-params=\"{&quot;fade&quot;:true}\" data-fade=\"true\"><a  class=\"x-img imagen_lightbox x-img-link x-img-thumbnail\"  href=\"http:\/\/archivoorotava.es\/blog\/wp-content\/uploads\/2014\/04\/Memoria-2013-9.jpg\"     data-options=\"thumbnail: 'http:\/\/archivoorotava.es\/blog\/wp-content\/uploads\/2014\/04\/Memoria-2013-9.jpg'\"><img decoding=\"async\" src=\"http:\/\/archivoorotava.es\/blog\/wp-content\/uploads\/2014\/04\/Memoria-2013-9.jpg\" ><\/a><\/div><div  class=\"x-column x-sm x-1-3\" style=\"padding: 0px; opacity: 0; transform: translate(45px, 0); transition-duration: 750ms;\" data-x-element=\"column\" data-x-params=\"{&quot;fade&quot;:true}\" data-fade=\"true\"><a  class=\"x-img imagen_lightbox x-img-link x-img-thumbnail\"  href=\"http:\/\/archivoorotava.es\/blog\/wp-content\/uploads\/2014\/03\/42.jpg\"     data-options=\"thumbnail: 'http:\/\/archivoorotava.es\/blog\/wp-content\/uploads\/2014\/03\/42.jpg'\"><img decoding=\"async\" src=\"http:\/\/archivoorotava.es\/blog\/wp-content\/uploads\/2014\/03\/42.jpg\" ><\/a><\/div><div  class=\"x-column x-sm x-1-3\" style=\"padding: 0px; opacity: 0; transform: translate(45px, 0); transition-duration: 750ms;\" data-x-element=\"column\" data-x-params=\"{&quot;fade&quot;:true}\" data-fade=\"true\"><a  class=\"x-img imagen_lightbox x-img-link x-img-thumbnail\"  href=\"http:\/\/archivoorotava.es\/blog\/wp-content\/uploads\/2014\/04\/Memoria-2013-6.jpg\"     data-options=\"thumbnail: 'http:\/\/archivoorotava.es\/blog\/wp-content\/uploads\/2014\/04\/Memoria-2013-6.jpg'\"><img decoding=\"async\" src=\"http:\/\/archivoorotava.es\/blog\/wp-content\/uploads\/2014\/04\/Memoria-2013-6.jpg\" ><\/a><\/div><\/div><\/div><div id=\"x-section-5\" class=\"x-section\" style=\"margin: 0px; padding: 0px;  background-color: transparent;\" ><div id=\"\" class=\"x-container\" style=\"margin: 0px auto; padding: 0px; \" ><div  class=\"x-column x-sm x-1-1\" style=\"padding: 0px; \" ><div id=\"\" class=\"x-text\" style=\"\" ><p style=\"text-align: justify; text-indent: 30px;\">Entre los servicios destacaron las consultas, pr\u00e9stamos y reproducciones de documentos que motivaron la localizaci\u00f3n de aproximadamente 30.520 documentos como consecuencia de 1.317 solicitudes, siendo las consultas de tipo administrativo un 82% y las de tipo hist\u00f3rico un 18%.<\/p>\n<\/div><\/div><\/div><\/div><div id=\"x-section-6\" class=\"x-section\" style=\"margin: 0px; padding: 0px;  background-color: transparent;\" ><div id=\"\" class=\"x-container\" style=\"margin: 0px auto; padding: 0px; \" ><div  class=\"x-column x-sm x-1-3\" style=\"padding: 0px; opacity: 0; transform: translate(0, -45px); transition-duration: 750ms;\" data-x-element=\"column\" data-x-params=\"{&quot;fade&quot;:true}\" data-fade=\"true\"><a  class=\"x-img imagen_lightbox x-img-link x-img-thumbnail\"  href=\"http:\/\/archivoorotava.es\/blog\/wp-content\/uploads\/2014\/03\/5.jpg\"     data-options=\"thumbnail: 'http:\/\/archivoorotava.es\/blog\/wp-content\/uploads\/2014\/03\/5.jpg'\"><img decoding=\"async\" src=\"http:\/\/archivoorotava.es\/blog\/wp-content\/uploads\/2014\/03\/5.jpg\" ><\/a><\/div><div  class=\"x-column x-sm x-1-3\" style=\"padding: 0px; opacity: 0; transform: translate(0, -45px); transition-duration: 750ms;\" data-x-element=\"column\" data-x-params=\"{&quot;fade&quot;:true}\" data-fade=\"true\"><a  class=\"x-img imagen_lightbox x-img-link x-img-thumbnail\"  href=\"http:\/\/archivoorotava.es\/blog\/wp-content\/uploads\/2014\/03\/7.jpg\"     data-options=\"thumbnail: 'http:\/\/archivoorotava.es\/blog\/wp-content\/uploads\/2014\/03\/7.jpg'\"><img decoding=\"async\" src=\"http:\/\/archivoorotava.es\/blog\/wp-content\/uploads\/2014\/03\/7.jpg\" ><\/a><\/div><div  class=\"x-column x-sm x-1-3\" style=\"padding: 0px; opacity: 0; transform: translate(0, -45px); transition-duration: 750ms;\" data-x-element=\"column\" data-x-params=\"{&quot;fade&quot;:true}\" data-fade=\"true\"><a  class=\"x-img imagen_lightbox x-img-link x-img-thumbnail\"  href=\"http:\/\/archivoorotava.es\/blog\/wp-content\/uploads\/2014\/03\/8.jpg\"     data-options=\"thumbnail: 'http:\/\/archivoorotava.es\/blog\/wp-content\/uploads\/2014\/03\/8.jpg'\"><img decoding=\"async\" src=\"http:\/\/archivoorotava.es\/blog\/wp-content\/uploads\/2014\/03\/8.jpg\" ><\/a><\/div><\/div><\/div><div id=\"x-section-7\" class=\"x-section\" style=\"margin: 0px; padding: 0px;  background-color: transparent;\" ><div id=\"\" class=\"x-container\" style=\"margin: 0px auto; padding: 0px; \" ><div  class=\"x-column x-sm x-1-1\" style=\"padding: 0px; \" ><div id=\"\" class=\"x-text\" style=\"\" ><p style=\"text-align: justify; text-indent: 30px;\">Las actividades de difusi\u00f3n se abordaron desde distintas facetas, realizando 3 exposiciones presenciales y 6 virtuales. Entre ellas: \u201cUna vida dedicada a la m\u00fasica: Domingo Febles\u201d, \u201cEntre antiguos comercios\u201d, \u201cAlcaldes: La Historia\u201d, \u201c1913, etc. Las visitas recibidas permitieron conocer los documentos que forman la historia de La Orotava y los estudiantes en pr\u00e1cticas de diversos centros educativos y con diferentes niveles acad\u00e9micos practicaron las tareas archiv\u00edsticas, as\u00ed como la b\u00fasqueda de informaci\u00f3n, la investigaci\u00f3n hist\u00f3rica, etc. La actividad en la red tuvo un balance muy positivo, duplicando el n\u00famero de usuarios en los servicios online. El blog (archivoorotava.wordpress.org) que naci\u00f3 con el objetivo de difundir los documentos del Archivo y todos aquellos aspectos relacionados con el mundo de los archivos, cumpli\u00f3 a finales del pasado a\u00f1o el primer aniversario. A lo largo del 2013 recibi\u00f3 m\u00e1s de 8.000 visitas, siendo las entradas m\u00e1s visitadas: \u201c1966, Londres y las Alfombras de La Orotava\u201d, \u201cLa Orotava, la velocidad de los primeros coches\u201d, \u201cAlcaldes: La historia\u201d y \u201cEntre antiguos comercios\u201d.<\/p>\n<p style=\"text-align: justify; text-indent: 30px;\">Este conjunto de actividades realizadas durante el a\u00f1o 2013 por el Archivo Municipal, tuvo la finalidad de garantizar el acceso y la localizaci\u00f3n de documentos, as\u00ed como la conservaci\u00f3n y difusi\u00f3n del Patrimonio Documental de la Villa de La Orotava. Fueron posibles gracias al esfuerzo de un grupo de personas que, cada una desde su responsabilidad, contribuyeron a ello.<\/p>\n<\/div><\/div><\/div><\/div><div id=\"x-section-8\" class=\"x-section\" style=\"margin: 0px; padding: 0px;  background-color: transparent;\" ><div id=\"\" class=\"x-container\" style=\"margin: 0px auto; padding: 0px; \" ><div  class=\"x-column x-sm x-1-4\" style=\"padding: 0px; \" >&nbsp;<\/div><div  class=\"x-column x-sm x-1-2\" style=\"padding: 0px; opacity: 0; transform: translate(0, 45px); transition-duration: 750ms;\" data-x-element=\"column\" data-x-params=\"{&quot;fade&quot;:true}\" data-fade=\"true\"><a  class=\"x-img imagen_lightbox x-img-link x-img-thumbnail\"  href=\"http:\/\/archivoorotava.es\/blog\/wp-content\/uploads\/2014\/04\/Memoria-2013-10.jpg\"     data-options=\"thumbnail: 'http:\/\/archivoorotava.es\/blog\/wp-content\/uploads\/2014\/04\/Memoria-2013-10.jpg'\"><img decoding=\"async\" src=\"http:\/\/archivoorotava.es\/blog\/wp-content\/uploads\/2014\/04\/Memoria-2013-10.jpg\" ><\/a><\/div><div  class=\"x-column x-sm x-1-4\" style=\"padding: 0px; \" >&nbsp;<\/div><\/div><\/div><div id=\"x-section-9\" class=\"x-section\" style=\"margin: 0px; padding: 0px;  background-color: transparent;\" ><div id=\"\" class=\"x-container\" style=\"margin: 0px auto; padding: 0px; \" ><div  class=\"x-column x-sm x-1-1\" style=\"padding: 0px; \" ><div  class=\"x-video player with-container\" data-x-element-mejs=\"{&quot;poster&quot;:&quot;http:\\\/\\\/archivoorotava.es\\\/blog\\\/wp-content\\\/uploads\\\/2014\\\/04\\\/Memoria-2013-6.jpg&quot;}\"  data-x-video-options=''><div class=\"x-video-inner video\/mp4 \"><video class=\"x-mejs has-stack-styles advanced-controls\" poster=\"http:\/\/archivoorotava.es\/blog\/wp-content\/uploads\/2014\/04\/Memoria-2013-6.jpg\" preload=\"none\"><source src=\"http:\/\/archivoorotava.es\/blog\/wp-content\/uploads\/2016\/02\/Memoria-del-Archivo-Municipal-de-La-Orotava-2013.mp4\" type=\"video\/mp4\"><\/video><\/div><\/div><\/div><\/div><\/div><div id=\"x-section-10\" class=\"x-section\" style=\"margin: 0px; padding: 0px;  background-color: transparent;\" ><div id=\"\" class=\"x-container   max width\" style=\"margin: 0px auto; padding: 0px; \" ><div  class=\"x-column x-sm x-1-1\" style=\"padding: 0px; \" ><div  class=\"x-raw-content\" ><span id=\"x-lightbox-1\" data-x-element-lightbox=\"{&quot;selector&quot;:&quot;.imagen_lightbox&quot;,&quot;deeplink&quot;:true,&quot;opacity&quot;:&quot;0.875&quot;,&quot;prevScale&quot;:&quot;0.75&quot;,&quot;prevOpacity&quot;:&quot;0.75&quot;,&quot;nextScale&quot;:&quot;0.75&quot;,&quot;nextOpacity&quot;:&quot;0.75&quot;,&quot;orientation&quot;:&quot;vertical&quot;,&quot;thumbnails&quot;:true}\"><\/span><\/div><\/div><\/div><\/div>\n","protected":false},"excerpt":{"rendered":"<p>Los pasados d\u00edas el Archivo Municipal present\u00f3 la memoria 2013, que contiene el balance de las actividades realizadas el pasado a\u00f1o, que someramente exponemos junto a algunas im\u00e1genes de la rueda de prensa realizada con motivo de dicha presentaci\u00f3n &#8230;<\/p>\n","protected":false},"author":2,"featured_media":2343,"comment_status":"open","ping_status":"open","sticky":false,"template":"","format":"standard","meta":{"_jetpack_memberships_contains_paid_content":false,"footnotes":""},"categories":[2],"tags":[83,84,58],"class_list":["post-2324","post","type-post","status-publish","format-standard","has-post-thumbnail","hentry","category-archivo","tag-actividades","tag-estadisticas","tag-memoria"],"aioseo_notices":[],"jetpack_featured_media_url":"https:\/\/archivoorotava.es\/blog\/wp-content\/uploads\/2014\/03\/Memoria-2013-Portada.jpg","jetpack_sharing_enabled":true,"_links":{"self":[{"href":"https:\/\/archivoorotava.es\/blog\/wp-json\/wp\/v2\/posts\/2324","targetHints":{"allow":["GET"]}}],"collection":[{"href":"https:\/\/archivoorotava.es\/blog\/wp-json\/wp\/v2\/posts"}],"about":[{"href":"https:\/\/archivoorotava.es\/blog\/wp-json\/wp\/v2\/types\/post"}],"author":[{"embeddable":true,"href":"https:\/\/archivoorotava.es\/blog\/wp-json\/wp\/v2\/users\/2"}],"replies":[{"embeddable":true,"href":"https:\/\/archivoorotava.es\/blog\/wp-json\/wp\/v2\/comments?post=2324"}],"version-history":[{"count":0,"href":"https:\/\/archivoorotava.es\/blog\/wp-json\/wp\/v2\/posts\/2324\/revisions"}],"wp:featuredmedia":[{"embeddable":true,"href":"https:\/\/archivoorotava.es\/blog\/wp-json\/wp\/v2\/media\/2343"}],"wp:attachment":[{"href":"https:\/\/archivoorotava.es\/blog\/wp-json\/wp\/v2\/media?parent=2324"}],"wp:term":[{"taxonomy":"category","embeddable":true,"href":"https:\/\/archivoorotava.es\/blog\/wp-json\/wp\/v2\/categories?post=2324"},{"taxonomy":"post_tag","embeddable":true,"href":"https:\/\/archivoorotava.es\/blog\/wp-json\/wp\/v2\/tags?post=2324"}],"curies":[{"name":"wp","href":"https:\/\/api.w.org\/{rel}","templated":true}]}}