{"id":21322,"date":"2020-12-04T10:09:19","date_gmt":"2020-12-04T10:09:19","guid":{"rendered":"http:\/\/archivoorotava.es\/blog\/?p=21322"},"modified":"2020-12-04T10:09:28","modified_gmt":"2020-12-04T10:09:28","slug":"los-ultimos-6-meses-de-1920-en-la-orotava","status":"publish","type":"post","link":"https:\/\/archivoorotava.es\/blog\/2020\/12\/04\/los-ultimos-6-meses-de-1920-en-la-orotava\/","title":{"rendered":"LOS \u00daLTIMOS 6 MESES DE 1920 EN LA OROTAVA"},"content":{"rendered":"<div id=\"cs-content\" class=\"cs-content\"><\/div>\n","protected":false},"excerpt":{"rendered":"<p>Finalizando el a\u00f1o 2020, el Archivo Municipal se traslada a los \u00faltimos seis meses del a\u00f1o 1920. Un viaje de cien a\u00f1os en el tiempo, a trav\u00e9s de la documentaci\u00f3n que forma el&#8230;<\/p>\n","protected":false},"author":7,"featured_media":21330,"comment_status":"open","ping_status":"open","sticky":false,"template":"","format":"standard","meta":{"_jetpack_memberships_contains_paid_content":false,"footnotes":""},"categories":[10,14],"tags":[],"class_list":["post-21322","post","type-post","status-publish","format-standard","has-post-thumbnail","hentry","category-historia","category-siglo-xx"],"aioseo_notices":[],"jetpack_featured_media_url":"https:\/\/archivoorotava.es\/blog\/wp-content\/uploads\/2020\/12\/segundo-semestre-1920-7.jpg","jetpack_sharing_enabled":true,"_links":{"self":[{"href":"https:\/\/archivoorotava.es\/blog\/wp-json\/wp\/v2\/posts\/21322","targetHints":{"allow":["GET"]}}],"collection":[{"href":"https:\/\/archivoorotava.es\/blog\/wp-json\/wp\/v2\/posts"}],"about":[{"href":"https:\/\/archivoorotava.es\/blog\/wp-json\/wp\/v2\/types\/post"}],"author":[{"embeddable":true,"href":"https:\/\/archivoorotava.es\/blog\/wp-json\/wp\/v2\/users\/7"}],"replies":[{"embeddable":true,"href":"https:\/\/archivoorotava.es\/blog\/wp-json\/wp\/v2\/comments?post=21322"}],"version-history":[{"count":7,"href":"https:\/\/archivoorotava.es\/blog\/wp-json\/wp\/v2\/posts\/21322\/revisions"}],"predecessor-version":[{"id":21372,"href":"https:\/\/archivoorotava.es\/blog\/wp-json\/wp\/v2\/posts\/21322\/revisions\/21372"}],"wp:featuredmedia":[{"embeddable":true,"href":"https:\/\/archivoorotava.es\/blog\/wp-json\/wp\/v2\/media\/21330"}],"wp:attachment":[{"href":"https:\/\/archivoorotava.es\/blog\/wp-json\/wp\/v2\/media?parent=21322"}],"wp:term":[{"taxonomy":"category","embeddable":true,"href":"https:\/\/archivoorotava.es\/blog\/wp-json\/wp\/v2\/categories?post=21322"},{"taxonomy":"post_tag","embeddable":true,"href":"https:\/\/archivoorotava.es\/blog\/wp-json\/wp\/v2\/tags?post=21322"}],"curies":[{"name":"wp","href":"https:\/\/api.w.org\/{rel}","templated":true}]}}