{"id":2020,"date":"2015-06-29T11:25:23","date_gmt":"2015-06-29T11:25:23","guid":{"rendered":"https:\/\/archivoorotava.wordpress.com\/?p=2020"},"modified":"2016-08-05T22:54:23","modified_gmt":"2016-08-05T21:54:23","slug":"anos-veinte-con-cinematografo-en-la-plaza-de-alfonso-xiii","status":"publish","type":"post","link":"https:\/\/archivoorotava.es\/blog\/2015\/06\/29\/anos-veinte-con-cinematografo-en-la-plaza-de-alfonso-xiii\/","title":{"rendered":"A\u00d1OS VEINTE CON CINEMAT\u00d3GRAFO EN LA PLAZA DE ALFONSO XIII"},"content":{"rendered":"<div id=\"cs-content\" class=\"cs-content\"><\/div>\n","protected":false},"excerpt":{"rendered":"<p>A trav\u00e9s de los documentos del Archivo Municipal viajamos a La Orotava de la d\u00e9cada de los a\u00f1os veinte, donde en la temporada de verano se realizan \u201cfunciones de cinemat\u00f3grafo\u201d en la plaza de Alfonso XIII (actual plaza del &#8230;<\/p>\n","protected":false},"author":2,"featured_media":2021,"comment_status":"open","ping_status":"open","sticky":false,"template":"","format":"standard","meta":{"_jetpack_memberships_contains_paid_content":false,"footnotes":""},"categories":[2,206,12,14],"tags":[205,207],"class_list":["post-2020","post","type-post","status-publish","format-standard","has-post-thumbnail","hentry","category-archivo","category-espectaculos","category-multimedia","category-siglo-xx","tag-cinematografo","tag-plaza-alfonso-xiii"],"aioseo_notices":[],"jetpack_featured_media_url":"https:\/\/archivoorotava.es\/blog\/wp-content\/uploads\/2015\/06\/plaza-alfonso-xiii.jpg","jetpack_sharing_enabled":true,"_links":{"self":[{"href":"https:\/\/archivoorotava.es\/blog\/wp-json\/wp\/v2\/posts\/2020","targetHints":{"allow":["GET"]}}],"collection":[{"href":"https:\/\/archivoorotava.es\/blog\/wp-json\/wp\/v2\/posts"}],"about":[{"href":"https:\/\/archivoorotava.es\/blog\/wp-json\/wp\/v2\/types\/post"}],"author":[{"embeddable":true,"href":"https:\/\/archivoorotava.es\/blog\/wp-json\/wp\/v2\/users\/2"}],"replies":[{"embeddable":true,"href":"https:\/\/archivoorotava.es\/blog\/wp-json\/wp\/v2\/comments?post=2020"}],"version-history":[{"count":0,"href":"https:\/\/archivoorotava.es\/blog\/wp-json\/wp\/v2\/posts\/2020\/revisions"}],"wp:featuredmedia":[{"embeddable":true,"href":"https:\/\/archivoorotava.es\/blog\/wp-json\/wp\/v2\/media\/2021"}],"wp:attachment":[{"href":"https:\/\/archivoorotava.es\/blog\/wp-json\/wp\/v2\/media?parent=2020"}],"wp:term":[{"taxonomy":"category","embeddable":true,"href":"https:\/\/archivoorotava.es\/blog\/wp-json\/wp\/v2\/categories?post=2020"},{"taxonomy":"post_tag","embeddable":true,"href":"https:\/\/archivoorotava.es\/blog\/wp-json\/wp\/v2\/tags?post=2020"}],"curies":[{"name":"wp","href":"https:\/\/api.w.org\/{rel}","templated":true}]}}