{"id":19823,"date":"2019-04-08T14:29:02","date_gmt":"2019-04-08T13:29:02","guid":{"rendered":"http:\/\/archivoorotava.es\/blog\/?p=19823"},"modified":"2019-04-08T14:29:14","modified_gmt":"2019-04-08T13:29:14","slug":"elecciones-municipales-1979-video","status":"publish","type":"post","link":"https:\/\/archivoorotava.es\/blog\/2019\/04\/08\/elecciones-municipales-1979-video\/","title":{"rendered":"Elecciones Municipales 1979 &#8211; V\u00eddeo"},"content":{"rendered":"<div id=\"cs-content\" class=\"cs-content\"><\/div>\n","protected":false},"excerpt":{"rendered":"<p>Cumpli\u00e9ndose 40 a\u00f1os de la restauraci\u00f3n de la democracia y aprovechando la donaci\u00f3n hecha por D. Isidoro S\u00e1nchez Garc\u00eda de un v\u00eddeo sobre las elecciones municipales de 1979, queremos recordar dicha fecha con un poco de historia&#8230;<\/p>\n","protected":false},"author":2,"featured_media":19851,"comment_status":"open","ping_status":"open","sticky":false,"template":"","format":"standard","meta":{"_jetpack_memberships_contains_paid_content":false,"footnotes":""},"categories":[5,199,195,12,14,16],"tags":[380],"class_list":["post-19823","post","type-post","status-publish","format-standard","has-post-thumbnail","hentry","category-donaciones-2","category-elecciones","category-fotografias","category-multimedia","category-siglo-xx","category-videos","tag-elecciones-municipales-1979","has-post-video"],"aioseo_notices":[],"jetpack_featured_media_url":"https:\/\/archivoorotava.es\/blog\/wp-content\/uploads\/2019\/04\/portada.jpg","jetpack_sharing_enabled":true,"_links":{"self":[{"href":"https:\/\/archivoorotava.es\/blog\/wp-json\/wp\/v2\/posts\/19823","targetHints":{"allow":["GET"]}}],"collection":[{"href":"https:\/\/archivoorotava.es\/blog\/wp-json\/wp\/v2\/posts"}],"about":[{"href":"https:\/\/archivoorotava.es\/blog\/wp-json\/wp\/v2\/types\/post"}],"author":[{"embeddable":true,"href":"https:\/\/archivoorotava.es\/blog\/wp-json\/wp\/v2\/users\/2"}],"replies":[{"embeddable":true,"href":"https:\/\/archivoorotava.es\/blog\/wp-json\/wp\/v2\/comments?post=19823"}],"version-history":[{"count":19,"href":"https:\/\/archivoorotava.es\/blog\/wp-json\/wp\/v2\/posts\/19823\/revisions"}],"predecessor-version":[{"id":19852,"href":"https:\/\/archivoorotava.es\/blog\/wp-json\/wp\/v2\/posts\/19823\/revisions\/19852"}],"wp:featuredmedia":[{"embeddable":true,"href":"https:\/\/archivoorotava.es\/blog\/wp-json\/wp\/v2\/media\/19851"}],"wp:attachment":[{"href":"https:\/\/archivoorotava.es\/blog\/wp-json\/wp\/v2\/media?parent=19823"}],"wp:term":[{"taxonomy":"category","embeddable":true,"href":"https:\/\/archivoorotava.es\/blog\/wp-json\/wp\/v2\/categories?post=19823"},{"taxonomy":"post_tag","embeddable":true,"href":"https:\/\/archivoorotava.es\/blog\/wp-json\/wp\/v2\/tags?post=19823"}],"curies":[{"name":"wp","href":"https:\/\/api.w.org\/{rel}","templated":true}]}}