{"id":19792,"date":"2019-03-13T13:14:00","date_gmt":"2019-03-13T13:14:00","guid":{"rendered":"http:\/\/archivoorotava.es\/blog\/?p=19792"},"modified":"2021-12-01T13:24:57","modified_gmt":"2021-12-01T13:24:57","slug":"recordando-nuestro-carnaval","status":"publish","type":"post","link":"https:\/\/archivoorotava.es\/blog\/2019\/03\/13\/recordando-nuestro-carnaval\/","title":{"rendered":"RECORDANDO NUESTRO CARNAVAL"},"content":{"rendered":"<div id=\"cs-content\" class=\"cs-content\"><\/div>\n","protected":false},"excerpt":{"rendered":"<p>Otro a\u00f1o m\u00e1s, la exposici\u00f3n de fotograf\u00edas antiguas del Carnaval Villero, organizada por el Archivo Municipal de La Orotava, estuvo expuesta el martes de carnaval en la plaza de la Constituci\u00f3n durante&#8230;<\/p>\n","protected":false},"author":2,"featured_media":19793,"comment_status":"open","ping_status":"open","sticky":false,"template":"","format":"standard","meta":{"_jetpack_memberships_contains_paid_content":false,"footnotes":""},"categories":[5,7,195],"tags":[],"class_list":["post-19792","post","type-post","status-publish","format-standard","has-post-thumbnail","hentry","category-donaciones-2","category-exposiciones","category-fotografias"],"aioseo_notices":[],"jetpack_featured_media_url":"https:\/\/archivoorotava.es\/blog\/wp-content\/uploads\/2019\/03\/carnaval-2019-5.jpg","jetpack_sharing_enabled":true,"_links":{"self":[{"href":"https:\/\/archivoorotava.es\/blog\/wp-json\/wp\/v2\/posts\/19792","targetHints":{"allow":["GET"]}}],"collection":[{"href":"https:\/\/archivoorotava.es\/blog\/wp-json\/wp\/v2\/posts"}],"about":[{"href":"https:\/\/archivoorotava.es\/blog\/wp-json\/wp\/v2\/types\/post"}],"author":[{"embeddable":true,"href":"https:\/\/archivoorotava.es\/blog\/wp-json\/wp\/v2\/users\/2"}],"replies":[{"embeddable":true,"href":"https:\/\/archivoorotava.es\/blog\/wp-json\/wp\/v2\/comments?post=19792"}],"version-history":[{"count":8,"href":"https:\/\/archivoorotava.es\/blog\/wp-json\/wp\/v2\/posts\/19792\/revisions"}],"predecessor-version":[{"id":23586,"href":"https:\/\/archivoorotava.es\/blog\/wp-json\/wp\/v2\/posts\/19792\/revisions\/23586"}],"wp:featuredmedia":[{"embeddable":true,"href":"https:\/\/archivoorotava.es\/blog\/wp-json\/wp\/v2\/media\/19793"}],"wp:attachment":[{"href":"https:\/\/archivoorotava.es\/blog\/wp-json\/wp\/v2\/media?parent=19792"}],"wp:term":[{"taxonomy":"category","embeddable":true,"href":"https:\/\/archivoorotava.es\/blog\/wp-json\/wp\/v2\/categories?post=19792"},{"taxonomy":"post_tag","embeddable":true,"href":"https:\/\/archivoorotava.es\/blog\/wp-json\/wp\/v2\/tags?post=19792"}],"curies":[{"name":"wp","href":"https:\/\/api.w.org\/{rel}","templated":true}]}}