{"id":18262,"date":"2018-06-01T14:55:33","date_gmt":"2018-06-01T13:55:33","guid":{"rendered":"http:\/\/archivoorotava.es\/blog\/?p=18262"},"modified":"2025-11-13T11:20:59","modified_gmt":"2025-11-13T11:20:59","slug":"ultimos-dias-para-visitar-exposiciones-del-archivo-municipal","status":"publish","type":"post","link":"https:\/\/archivoorotava.es\/blog\/2018\/06\/01\/ultimos-dias-para-visitar-exposiciones-del-archivo-municipal\/","title":{"rendered":"\u00daLTIMOS D\u00cdAS PARA VISITAR LAS EXPOSICIONES DEL ARCHIVO MUNICIPAL"},"content":{"rendered":"<div id=\"cs-content\" class=\"cs-content\"><div class=\"x-section e18262-e1 me3a-0 me3a-1\"><div class=\"x-container e18262-e2 me3a-6\"><div class=\"x-column x-sm x-1-1 e18262-e3 me3a-7\"><div class=\"x-text x-content e18262-e4 me3a-8\"><div id=\"attachment_18277\" style=\"width: 310px\" class=\"wp-caption alignleft\"><a href=\"http:\/\/archivoorotava.es\/blog\/wp-content\/uploads\/2018\/06\/Tres-Exposiciones-2018-7.jpg\"><img loading=\"lazy\" decoding=\"async\" aria-describedby=\"caption-attachment-18277\" src=\"http:\/\/archivoorotava.es\/blog\/wp-content\/uploads\/2018\/06\/Tres-Exposiciones-2018-7-300x140.jpg\" alt=\"\" class=\"wp-image-18277 size-medium\" width=\"300\" height=\"140\" srcset=\"https:\/\/archivoorotava.es\/blog\/wp-content\/uploads\/2018\/06\/Tres-Exposiciones-2018-7-300x140.jpg 300w, https:\/\/archivoorotava.es\/blog\/wp-content\/uploads\/2018\/06\/Tres-Exposiciones-2018-7-768x359.jpg 768w, https:\/\/archivoorotava.es\/blog\/wp-content\/uploads\/2018\/06\/Tres-Exposiciones-2018-7-1024x478.jpg 1024w, https:\/\/archivoorotava.es\/blog\/wp-content\/uploads\/2018\/06\/Tres-Exposiciones-2018-7-100x47.jpg 100w, https:\/\/archivoorotava.es\/blog\/wp-content\/uploads\/2018\/06\/Tres-Exposiciones-2018-7-1080x504.jpg 1080w, https:\/\/archivoorotava.es\/blog\/wp-content\/uploads\/2018\/06\/Tres-Exposiciones-2018-7-1500x700.jpg 1500w\" sizes=\"auto, (max-width: 300px) 100vw, 300px\" \/><\/a><p id=\"caption-attachment-18277\" class=\"wp-caption-text\">Tr\u00edptico<\/p><\/div><p style=\"text-align: justify;\"><a href=\"http:\/\/archivoorotava.es\/blog\/wp-content\/uploads\/2018\/06\/Tres-Exposiciones-2018-7.jpg\"><\/a><span  class=\"x-dropcap\" >T<\/span>ras varias semanas expuestas, culminan las tres exposiciones del Archivo Municipal: \"Mujeres en la historia de las Fiestas\", \"Retratos festivos en el recuerdo\" y \"Esencia de las fiestas\", agradecerles las visitas y la buena acogida de las mismas, as\u00ed como la colaboraci\u00f3n de los ciudadanos con la donaci\u00f3n de fotograf\u00edas para la realizaci\u00f3n de estas exposiciones. Recordarles que son los \u00faltimos d\u00edas para visitarlas. En concreto:<\/p><p>- <strong>Mujeres en la historia de las fiestas.<\/strong> Una muestra de documentos e im\u00e1genes que reflejan la presencia de la mujer en las diferentes facetas de las fiestas patronales a lo largo de la historia. Se puede visitar en el Ayuntamiento de La Orotava hasta el 7 de junio.<\/p><p>- <strong>Esencia de las fiestas<\/strong>. Un recorrido por los diversos aspectos que componen las fiestas patronales de la Villa de La Orotava en honor al Corpus Christi y San Isidro Labrador, a trav\u00e9s de documentos e im\u00e1genes que se conservan en el Archivo Municipal. Se puede visitar en el Centro Municipal de Mayores hasta el 11 de junio.<\/p><p><strong>- Retratos festivos en el recuerdo<\/strong>. Una muestra que contiene un conjunto de im\u00e1genes que reflejan el lado humano de las fiestas. Se puede visitar en el Mercadillo del Agricultor hasta la ma\u00f1ana del s\u00e1bado 2 de junio.<\/p><\/div><\/div><\/div><\/div><div class=\"x-section e18262-e5 me3a-0 me3a-2\"><div class=\"x-row x-container max width e18262-e6 me3a-9 me3a-a\"><div class=\"x-row-inner\"><div class=\"x-col e18262-e7 me3a-b\"><div class=\"x-div e18262-e8 me3a-c me3a-d me3a-e\"><div class=\"x-div e18262-e9 me3a-c me3a-d me3a-e\"><div class=\"x-slide-container-viewport is-loading e18262-e10 me3a-i\" data-x-slide-container=\"{&quot;keyboardNavigation&quot;:true,&quot;autoplayStartInView&quot;:true,&quot;startingSlide&quot;:1,&quot;exit&quot;:&quot;fade&quot;,&quot;swipe&quot;:&quot;&quot;,&quot;autoplay&quot;:&quot;interval&quot;,&quot;stacked&quot;:true}\"><div class=\"x-slide-container-content x-container max width\"><div class=\"x-slide-container is-stacked\"><div class=\"x-slide e18262-e11 me3a-j me3a-3 x-effect-exit\" data-x-slide=\"\" data-x-effect=\"{&quot;scroll&quot;:true,&quot;offsetTop&quot;:&quot;10%&quot;,&quot;offsetBottom&quot;:&quot;10%&quot;,&quot;behaviorScroll&quot;:&quot;fire-once&quot;,&quot;animationEnter&quot;:&quot;fadeInUpBig&quot;,&quot;animationExit&quot;:&quot;rotateOut&quot;}\"><a class=\"x-image e18262-e12 me3a-k me3a-4\" data-x-effect=\"{&quot;durationBase&quot;:&quot;300ms&quot;}\" href=\"https:\/\/archivoorotava.es\/blog\/wp-content\/uploads\/2018\/06\/Tres-exposiciones-2018-1.jpg\"><img decoding=\"async\" src=\"https:\/\/archivoorotava.es\/blog\/wp-content\/uploads\/2018\/06\/Tres-exposiciones-2018-1.jpg\" srcset=\"https:\/\/archivoorotava.es\/blog\/wp-content\/uploads\/2018\/06\/Tres-exposiciones-2018-1.jpg 1498w, https:\/\/archivoorotava.es\/blog\/wp-content\/uploads\/2018\/06\/Tres-exposiciones-2018-1-300x200.jpg 300w, https:\/\/archivoorotava.es\/blog\/wp-content\/uploads\/2018\/06\/Tres-exposiciones-2018-1-768x513.jpg 768w, https:\/\/archivoorotava.es\/blog\/wp-content\/uploads\/2018\/06\/Tres-exposiciones-2018-1-1024x684.jpg 1024w, https:\/\/archivoorotava.es\/blog\/wp-content\/uploads\/2018\/06\/Tres-exposiciones-2018-1-100x67.jpg 100w, https:\/\/archivoorotava.es\/blog\/wp-content\/uploads\/2018\/06\/Tres-exposiciones-2018-1-1080x721.jpg 1080w\" sizes=\"(max-width: 1498px) 100vw, 1498px\" alt=\"\" loading=\"lazy\"><\/a><\/div><div class=\"x-slide e18262-e13 me3a-j me3a-3 x-effect-exit\" data-x-slide=\"\" data-x-effect=\"{&quot;scroll&quot;:true,&quot;offsetTop&quot;:&quot;10%&quot;,&quot;offsetBottom&quot;:&quot;10%&quot;,&quot;behaviorScroll&quot;:&quot;fire-once&quot;,&quot;animationEnter&quot;:&quot;fadeInUpBig&quot;,&quot;animationExit&quot;:&quot;rotateOut&quot;}\"><a class=\"x-image e18262-e14 me3a-k me3a-4\" data-x-effect=\"{&quot;durationBase&quot;:&quot;300ms&quot;}\" href=\"https:\/\/archivoorotava.es\/blog\/wp-content\/uploads\/2018\/06\/Tres-exposiciones-2018-2.jpg\"><img decoding=\"async\" src=\"https:\/\/archivoorotava.es\/blog\/wp-content\/uploads\/2018\/06\/Tres-exposiciones-2018-2.jpg\" srcset=\"https:\/\/archivoorotava.es\/blog\/wp-content\/uploads\/2018\/06\/Tres-exposiciones-2018-2.jpg 1498w, https:\/\/archivoorotava.es\/blog\/wp-content\/uploads\/2018\/06\/Tres-exposiciones-2018-2-300x200.jpg 300w, https:\/\/archivoorotava.es\/blog\/wp-content\/uploads\/2018\/06\/Tres-exposiciones-2018-2-768x513.jpg 768w, https:\/\/archivoorotava.es\/blog\/wp-content\/uploads\/2018\/06\/Tres-exposiciones-2018-2-1024x684.jpg 1024w, https:\/\/archivoorotava.es\/blog\/wp-content\/uploads\/2018\/06\/Tres-exposiciones-2018-2-100x67.jpg 100w, https:\/\/archivoorotava.es\/blog\/wp-content\/uploads\/2018\/06\/Tres-exposiciones-2018-2-1080x721.jpg 1080w\" sizes=\"(max-width: 1498px) 100vw, 1498px\" alt=\"\" loading=\"lazy\"><\/a><\/div><div class=\"x-slide e18262-e15 me3a-j me3a-3 x-effect-exit\" data-x-slide=\"\" data-x-effect=\"{&quot;scroll&quot;:true,&quot;offsetTop&quot;:&quot;10%&quot;,&quot;offsetBottom&quot;:&quot;10%&quot;,&quot;behaviorScroll&quot;:&quot;fire-once&quot;,&quot;animationEnter&quot;:&quot;fadeInUpBig&quot;,&quot;animationExit&quot;:&quot;rotateOut&quot;}\"><a class=\"x-image e18262-e16 me3a-k me3a-4\" data-x-effect=\"{&quot;durationBase&quot;:&quot;300ms&quot;}\" href=\"https:\/\/archivoorotava.es\/blog\/wp-content\/uploads\/2018\/06\/Tres-exposiciones-2018-3.jpg\"><img decoding=\"async\" src=\"https:\/\/archivoorotava.es\/blog\/wp-content\/uploads\/2018\/06\/Tres-exposiciones-2018-3.jpg\" srcset=\"https:\/\/archivoorotava.es\/blog\/wp-content\/uploads\/2018\/06\/Tres-exposiciones-2018-3.jpg 1498w, https:\/\/archivoorotava.es\/blog\/wp-content\/uploads\/2018\/06\/Tres-exposiciones-2018-3-300x200.jpg 300w, https:\/\/archivoorotava.es\/blog\/wp-content\/uploads\/2018\/06\/Tres-exposiciones-2018-3-768x513.jpg 768w, https:\/\/archivoorotava.es\/blog\/wp-content\/uploads\/2018\/06\/Tres-exposiciones-2018-3-1024x684.jpg 1024w, https:\/\/archivoorotava.es\/blog\/wp-content\/uploads\/2018\/06\/Tres-exposiciones-2018-3-100x67.jpg 100w, https:\/\/archivoorotava.es\/blog\/wp-content\/uploads\/2018\/06\/Tres-exposiciones-2018-3-1080x721.jpg 1080w\" sizes=\"(max-width: 1498px) 100vw, 1498px\" alt=\"\" loading=\"lazy\"><\/a><\/div><div class=\"x-slide e18262-e17 me3a-j me3a-3 x-effect-exit\" data-x-slide=\"\" data-x-effect=\"{&quot;scroll&quot;:true,&quot;offsetTop&quot;:&quot;10%&quot;,&quot;offsetBottom&quot;:&quot;10%&quot;,&quot;behaviorScroll&quot;:&quot;fire-once&quot;,&quot;animationEnter&quot;:&quot;fadeInUpBig&quot;,&quot;animationExit&quot;:&quot;rotateOut&quot;}\"><a class=\"x-image e18262-e18 me3a-k me3a-4\" data-x-effect=\"{&quot;durationBase&quot;:&quot;300ms&quot;}\" href=\"https:\/\/archivoorotava.es\/blog\/wp-content\/uploads\/2018\/06\/Tres-exposiciones-2018-4.jpg\"><img decoding=\"async\" src=\"https:\/\/archivoorotava.es\/blog\/wp-content\/uploads\/2018\/06\/Tres-exposiciones-2018-4.jpg\" srcset=\"https:\/\/archivoorotava.es\/blog\/wp-content\/uploads\/2018\/06\/Tres-exposiciones-2018-4.jpg 1498w, https:\/\/archivoorotava.es\/blog\/wp-content\/uploads\/2018\/06\/Tres-exposiciones-2018-4-300x200.jpg 300w, https:\/\/archivoorotava.es\/blog\/wp-content\/uploads\/2018\/06\/Tres-exposiciones-2018-4-768x513.jpg 768w, https:\/\/archivoorotava.es\/blog\/wp-content\/uploads\/2018\/06\/Tres-exposiciones-2018-4-1024x684.jpg 1024w, https:\/\/archivoorotava.es\/blog\/wp-content\/uploads\/2018\/06\/Tres-exposiciones-2018-4-100x67.jpg 100w, https:\/\/archivoorotava.es\/blog\/wp-content\/uploads\/2018\/06\/Tres-exposiciones-2018-4-1080x721.jpg 1080w\" sizes=\"(max-width: 1498px) 100vw, 1498px\" alt=\"\" loading=\"lazy\"><\/a><\/div><div class=\"x-slide e18262-e19 me3a-j me3a-3 x-effect-exit\" data-x-slide=\"\" data-x-effect=\"{&quot;scroll&quot;:true,&quot;offsetTop&quot;:&quot;10%&quot;,&quot;offsetBottom&quot;:&quot;10%&quot;,&quot;behaviorScroll&quot;:&quot;fire-once&quot;,&quot;animationEnter&quot;:&quot;fadeInUpBig&quot;,&quot;animationExit&quot;:&quot;rotateOut&quot;}\"><a class=\"x-image e18262-e20 me3a-k me3a-4\" data-x-effect=\"{&quot;durationBase&quot;:&quot;300ms&quot;}\" href=\"https:\/\/archivoorotava.es\/blog\/wp-content\/uploads\/2018\/06\/Tres-exposiciones-2018-5.jpg\"><img decoding=\"async\" src=\"https:\/\/archivoorotava.es\/blog\/wp-content\/uploads\/2018\/06\/Tres-exposiciones-2018-5.jpg\" srcset=\"https:\/\/archivoorotava.es\/blog\/wp-content\/uploads\/2018\/06\/Tres-exposiciones-2018-5.jpg 1498w, https:\/\/archivoorotava.es\/blog\/wp-content\/uploads\/2018\/06\/Tres-exposiciones-2018-5-300x200.jpg 300w, https:\/\/archivoorotava.es\/blog\/wp-content\/uploads\/2018\/06\/Tres-exposiciones-2018-5-768x513.jpg 768w, https:\/\/archivoorotava.es\/blog\/wp-content\/uploads\/2018\/06\/Tres-exposiciones-2018-5-1024x684.jpg 1024w, https:\/\/archivoorotava.es\/blog\/wp-content\/uploads\/2018\/06\/Tres-exposiciones-2018-5-100x67.jpg 100w, https:\/\/archivoorotava.es\/blog\/wp-content\/uploads\/2018\/06\/Tres-exposiciones-2018-5-1080x721.jpg 1080w\" sizes=\"(max-width: 1498px) 100vw, 1498px\" alt=\"\" loading=\"lazy\"><\/a><\/div><div class=\"x-slide e18262-e21 me3a-j me3a-3 x-effect-exit\" data-x-slide=\"\" data-x-effect=\"{&quot;scroll&quot;:true,&quot;offsetTop&quot;:&quot;10%&quot;,&quot;offsetBottom&quot;:&quot;10%&quot;,&quot;behaviorScroll&quot;:&quot;fire-once&quot;,&quot;animationEnter&quot;:&quot;fadeInUpBig&quot;,&quot;animationExit&quot;:&quot;rotateOut&quot;}\"><a class=\"x-image e18262-e22 me3a-k me3a-4\" data-x-effect=\"{&quot;durationBase&quot;:&quot;300ms&quot;}\" href=\"https:\/\/archivoorotava.es\/blog\/wp-content\/uploads\/2018\/06\/Tres-exposiciones-2018-6.jpg\"><img decoding=\"async\" src=\"https:\/\/archivoorotava.es\/blog\/wp-content\/uploads\/2018\/06\/Tres-exposiciones-2018-6.jpg\" srcset=\"https:\/\/archivoorotava.es\/blog\/wp-content\/uploads\/2018\/06\/Tres-exposiciones-2018-6.jpg 1498w, https:\/\/archivoorotava.es\/blog\/wp-content\/uploads\/2018\/06\/Tres-exposiciones-2018-6-300x200.jpg 300w, https:\/\/archivoorotava.es\/blog\/wp-content\/uploads\/2018\/06\/Tres-exposiciones-2018-6-768x513.jpg 768w, https:\/\/archivoorotava.es\/blog\/wp-content\/uploads\/2018\/06\/Tres-exposiciones-2018-6-1024x684.jpg 1024w, https:\/\/archivoorotava.es\/blog\/wp-content\/uploads\/2018\/06\/Tres-exposiciones-2018-6-100x67.jpg 100w, https:\/\/archivoorotava.es\/blog\/wp-content\/uploads\/2018\/06\/Tres-exposiciones-2018-6-1080x721.jpg 1080w\" sizes=\"(max-width: 1498px) 100vw, 1498px\" alt=\"\" loading=\"lazy\"><\/a><\/div><\/div><\/div><\/div><div class=\"x-div e18262-e23 me3a-c me3a-d me3a-f me3a-g me3a-5\"><a class=\"x-div e18262-e24 me3a-c me3a-e me3a-f me3a-h\" href=\"#prev\" data-x-effect-provider=\"colors particles effects\" data-x-slide-prev=\"\"><i class=\"x-icon e18262-e25 me3a-l\" aria-hidden=\"true\" data-x-icon-o=\"&#xf060;\"><\/i><\/a><a class=\"x-div e18262-e26 me3a-c me3a-e me3a-f me3a-h\" href=\"#next\" data-x-effect-provider=\"colors particles effects\" data-x-slide-next=\"\"><i class=\"x-icon e18262-e27 me3a-l\" aria-hidden=\"true\" data-x-icon-o=\"&#xf061;\"><\/i><\/a><\/div><\/div><ul class=\"x-slide-pagination is-row e18262-e28 me3a-m\" data-x-slide-pagination=\"\"><\/ul><\/div><\/div><\/div><\/div><\/div><\/div>\n","protected":false},"excerpt":{"rendered":"<p>Tras varias semanas expuestas, culminan las tres exposiciones del Archivo Municipal: \u00abMujeres en la historia de las Fiestas\u00bb, \u00abRetratos festivos en el recuerdo\u00bb y \u00abEsencia de las fiestas\u00bb, agradecerles las visitas y la buena acogida de las mismas, as\u00ed como la&#8230;<\/p>\n","protected":false},"author":2,"featured_media":18273,"comment_status":"open","ping_status":"open","sticky":false,"template":"","format":"standard","meta":{"_jetpack_memberships_contains_paid_content":false,"footnotes":""},"categories":[7],"tags":[72,198,311,377,302],"class_list":["post-18262","post","type-post","status-publish","format-standard","has-post-thumbnail","hentry","category-exposiciones","tag-corpus-christi","tag-esencia-de-las-fiestas","tag-fiestas-de-san-isidro-labrador","tag-mujeres-en-las-historia-de-las-fiestas","tag-retratos-festivos-en-el-recuerdo"],"aioseo_notices":[],"jetpack_featured_media_url":"https:\/\/archivoorotava.es\/blog\/wp-content\/uploads\/2018\/06\/Tres-exposiciones-2018-0.jpg","jetpack_sharing_enabled":true,"_links":{"self":[{"href":"https:\/\/archivoorotava.es\/blog\/wp-json\/wp\/v2\/posts\/18262","targetHints":{"allow":["GET"]}}],"collection":[{"href":"https:\/\/archivoorotava.es\/blog\/wp-json\/wp\/v2\/posts"}],"about":[{"href":"https:\/\/archivoorotava.es\/blog\/wp-json\/wp\/v2\/types\/post"}],"author":[{"embeddable":true,"href":"https:\/\/archivoorotava.es\/blog\/wp-json\/wp\/v2\/users\/2"}],"replies":[{"embeddable":true,"href":"https:\/\/archivoorotava.es\/blog\/wp-json\/wp\/v2\/comments?post=18262"}],"version-history":[{"count":4,"href":"https:\/\/archivoorotava.es\/blog\/wp-json\/wp\/v2\/posts\/18262\/revisions"}],"predecessor-version":[{"id":25887,"href":"https:\/\/archivoorotava.es\/blog\/wp-json\/wp\/v2\/posts\/18262\/revisions\/25887"}],"wp:featuredmedia":[{"embeddable":true,"href":"https:\/\/archivoorotava.es\/blog\/wp-json\/wp\/v2\/media\/18273"}],"wp:attachment":[{"href":"https:\/\/archivoorotava.es\/blog\/wp-json\/wp\/v2\/media?parent=18262"}],"wp:term":[{"taxonomy":"category","embeddable":true,"href":"https:\/\/archivoorotava.es\/blog\/wp-json\/wp\/v2\/categories?post=18262"},{"taxonomy":"post_tag","embeddable":true,"href":"https:\/\/archivoorotava.es\/blog\/wp-json\/wp\/v2\/tags?post=18262"}],"curies":[{"name":"wp","href":"https:\/\/api.w.org\/{rel}","templated":true}]}}