{"id":18117,"date":"2018-05-11T15:37:08","date_gmt":"2018-05-11T14:37:08","guid":{"rendered":"http:\/\/archivoorotava.es\/blog\/?p=18117"},"modified":"2025-11-08T11:47:02","modified_gmt":"2025-11-08T11:47:02","slug":"exposicion-del-archivo-retratos-festivos-en-el-recuerdo","status":"publish","type":"post","link":"https:\/\/archivoorotava.es\/blog\/2018\/05\/11\/exposicion-del-archivo-retratos-festivos-en-el-recuerdo\/","title":{"rendered":"Exposici\u00f3n del Archivo: \u00abRetratos festivos en el recuerdo\u00bb"},"content":{"rendered":"<div id=\"cs-content\" class=\"cs-content\"><div class=\"x-section e18117-e1 mdz9-0 mdz9-1\"><div class=\"x-container marginless-columns e18117-e2 mdz9-4\"><div class=\"x-column x-sm x-1-4 e18117-e3 mdz9-5\"><a class=\"x-image e18117-e4 mdz9-6 mdz9-7\" href=\"http:\/\/archivoorotava.es\/blog\/wp-content\/uploads\/2018\/05\/Retratos-Festivos-Cartel.jpg\"><img decoding=\"async\" src=\"http:\/\/archivoorotava.es\/blog\/wp-content\/uploads\/2018\/05\/Retratos-Festivos-Cartel.jpg\" width=\"351\" height=\"500\" alt=\"Image\" loading=\"lazy\"><\/a><\/div><div class=\"x-column x-sm x-3-4 e18117-e5 mdz9-5\"><div class=\"x-text x-content e18117-e6 mdz9-9\"><p style=\"text-align: justify;\"><span  class=\"x-dropcap\" >D<\/span>esde este s\u00e1bado se podr\u00e1 ver la exposici\u00f3n del Archivo Municipal de La Orotava \"Retratos festivos en el recuerdo\" en el Mercadillo del Agricultor. Una muestra que contiene un conjunto de im\u00e1genes que reflejan el lado humano de las fiestas.<\/p><p style=\"text-align: justify;text-indent:30px;\">Se podr\u00e1 visitar durante los s\u00e1bados 12, 19, 26 de mayo y 2 de junio.<\/p><\/div><\/div><\/div><\/div><div class=\"x-section e18117-e7 mdz9-0 mdz9-2\"><div class=\"x-row e18117-e8 mdz9-a mdz9-b\"><div class=\"x-row-inner\"><div class=\"x-col e18117-e9 mdz9-c\"><div class=\"x-div x-container max width e18117-e10 mdz9-d mdz9-e mdz9-f\"><div class=\"x-div e18117-e11 mdz9-d mdz9-e mdz9-f\"><div class=\"x-slide-container-viewport is-loading e18117-e12 mdz9-j\" data-x-slide-container=\"{&quot;keyboardNavigation&quot;:true,&quot;autoplayStartInView&quot;:true,&quot;snap&quot;:true,&quot;scrollBySlide&quot;:true,&quot;wrapAround&quot;:true,&quot;int&quot;:&quot;click off&quot;,&quot;direction&quot;:&quot;forward&quot;,&quot;startingSlide&quot;:1,&quot;autoplay&quot;:&quot;interval&quot;}\"><div class=\"x-slide-container-content\"><div class=\"x-slide-container is-inline is-paged\"><div class=\"x-slide e18117-e13 mdz9-k\" data-x-slide=\"\"><a class=\"x-image e18117-e14 mdz9-6 mdz9-8\" href=\"https:\/\/archivoorotava.es\/blog\/wp-content\/uploads\/2018\/05\/Retratos-festivos-mercadillo-1.jpg\"><img decoding=\"async\" src=\"https:\/\/archivoorotava.es\/blog\/wp-content\/uploads\/2018\/05\/Retratos-festivos-mercadillo-1.jpg\" srcset=\"https:\/\/archivoorotava.es\/blog\/wp-content\/uploads\/2018\/05\/Retratos-festivos-mercadillo-1.jpg 1498w, https:\/\/archivoorotava.es\/blog\/wp-content\/uploads\/2018\/05\/Retratos-festivos-mercadillo-1-300x200.jpg 300w, https:\/\/archivoorotava.es\/blog\/wp-content\/uploads\/2018\/05\/Retratos-festivos-mercadillo-1-768x513.jpg 768w, https:\/\/archivoorotava.es\/blog\/wp-content\/uploads\/2018\/05\/Retratos-festivos-mercadillo-1-1024x684.jpg 1024w, https:\/\/archivoorotava.es\/blog\/wp-content\/uploads\/2018\/05\/Retratos-festivos-mercadillo-1-100x67.jpg 100w, https:\/\/archivoorotava.es\/blog\/wp-content\/uploads\/2018\/05\/Retratos-festivos-mercadillo-1-1080x721.jpg 1080w, https:\/\/archivoorotava.es\/blog\/wp-content\/uploads\/2018\/05\/Retratos-festivos-mercadillo-1-350x233.jpg 350w\" sizes=\"(max-width: 1498px) 100vw, 1498px\" alt=\"\" loading=\"lazy\"><\/a><\/div><div class=\"x-slide e18117-e15 mdz9-k\" data-x-slide=\"\"><a class=\"x-image e18117-e16 mdz9-6 mdz9-8\" href=\"https:\/\/archivoorotava.es\/blog\/wp-content\/uploads\/2018\/05\/Retratos-festivos-mercadillo-2.jpg\"><img decoding=\"async\" src=\"https:\/\/archivoorotava.es\/blog\/wp-content\/uploads\/2018\/05\/Retratos-festivos-mercadillo-2.jpg\" srcset=\"https:\/\/archivoorotava.es\/blog\/wp-content\/uploads\/2018\/05\/Retratos-festivos-mercadillo-2.jpg 1498w, https:\/\/archivoorotava.es\/blog\/wp-content\/uploads\/2018\/05\/Retratos-festivos-mercadillo-2-300x200.jpg 300w, https:\/\/archivoorotava.es\/blog\/wp-content\/uploads\/2018\/05\/Retratos-festivos-mercadillo-2-768x513.jpg 768w, https:\/\/archivoorotava.es\/blog\/wp-content\/uploads\/2018\/05\/Retratos-festivos-mercadillo-2-1024x684.jpg 1024w, https:\/\/archivoorotava.es\/blog\/wp-content\/uploads\/2018\/05\/Retratos-festivos-mercadillo-2-100x67.jpg 100w, https:\/\/archivoorotava.es\/blog\/wp-content\/uploads\/2018\/05\/Retratos-festivos-mercadillo-2-1080x721.jpg 1080w, https:\/\/archivoorotava.es\/blog\/wp-content\/uploads\/2018\/05\/Retratos-festivos-mercadillo-2-350x233.jpg 350w\" sizes=\"(max-width: 1498px) 100vw, 1498px\" alt=\"\" loading=\"lazy\"><\/a><\/div><div class=\"x-slide e18117-e17 mdz9-k\" data-x-slide=\"\"><a class=\"x-image e18117-e18 mdz9-6 mdz9-8\" href=\"https:\/\/archivoorotava.es\/blog\/wp-content\/uploads\/2018\/05\/Retratos-festivos-mercadillo-3.jpg\"><img decoding=\"async\" src=\"https:\/\/archivoorotava.es\/blog\/wp-content\/uploads\/2018\/05\/Retratos-festivos-mercadillo-3.jpg\" srcset=\"https:\/\/archivoorotava.es\/blog\/wp-content\/uploads\/2018\/05\/Retratos-festivos-mercadillo-3.jpg 1498w, https:\/\/archivoorotava.es\/blog\/wp-content\/uploads\/2018\/05\/Retratos-festivos-mercadillo-3-300x200.jpg 300w, https:\/\/archivoorotava.es\/blog\/wp-content\/uploads\/2018\/05\/Retratos-festivos-mercadillo-3-768x513.jpg 768w, https:\/\/archivoorotava.es\/blog\/wp-content\/uploads\/2018\/05\/Retratos-festivos-mercadillo-3-1024x684.jpg 1024w, https:\/\/archivoorotava.es\/blog\/wp-content\/uploads\/2018\/05\/Retratos-festivos-mercadillo-3-100x67.jpg 100w, https:\/\/archivoorotava.es\/blog\/wp-content\/uploads\/2018\/05\/Retratos-festivos-mercadillo-3-1080x721.jpg 1080w, https:\/\/archivoorotava.es\/blog\/wp-content\/uploads\/2018\/05\/Retratos-festivos-mercadillo-3-350x233.jpg 350w\" sizes=\"(max-width: 1498px) 100vw, 1498px\" alt=\"\" loading=\"lazy\"><\/a><\/div><div class=\"x-slide e18117-e19 mdz9-k\" data-x-slide=\"\"><a class=\"x-image e18117-e20 mdz9-6 mdz9-8\" href=\"https:\/\/archivoorotava.es\/blog\/wp-content\/uploads\/2018\/05\/Retratos-festivos-mercadillo-4.jpg\"><img decoding=\"async\" src=\"https:\/\/archivoorotava.es\/blog\/wp-content\/uploads\/2018\/05\/Retratos-festivos-mercadillo-4.jpg\" srcset=\"https:\/\/archivoorotava.es\/blog\/wp-content\/uploads\/2018\/05\/Retratos-festivos-mercadillo-4.jpg 1498w, https:\/\/archivoorotava.es\/blog\/wp-content\/uploads\/2018\/05\/Retratos-festivos-mercadillo-4-300x200.jpg 300w, https:\/\/archivoorotava.es\/blog\/wp-content\/uploads\/2018\/05\/Retratos-festivos-mercadillo-4-768x513.jpg 768w, https:\/\/archivoorotava.es\/blog\/wp-content\/uploads\/2018\/05\/Retratos-festivos-mercadillo-4-1024x684.jpg 1024w, https:\/\/archivoorotava.es\/blog\/wp-content\/uploads\/2018\/05\/Retratos-festivos-mercadillo-4-100x67.jpg 100w, https:\/\/archivoorotava.es\/blog\/wp-content\/uploads\/2018\/05\/Retratos-festivos-mercadillo-4-1080x721.jpg 1080w, https:\/\/archivoorotava.es\/blog\/wp-content\/uploads\/2018\/05\/Retratos-festivos-mercadillo-4-350x233.jpg 350w\" sizes=\"(max-width: 1498px) 100vw, 1498px\" alt=\"\" loading=\"lazy\"><\/a><\/div><\/div><\/div><\/div><div class=\"x-div e18117-e21 mdz9-d mdz9-e mdz9-g mdz9-h mdz9-3\"><a class=\"x-div e18117-e22 mdz9-d mdz9-f mdz9-g mdz9-i\" href=\"#prev\" data-x-effect-provider=\"colors particles effects\" data-x-slide-prev=\"\"><i class=\"x-icon e18117-e23 mdz9-l\" aria-hidden=\"true\" data-x-icon-o=\"&#xf060;\"><\/i><\/a><a class=\"x-div e18117-e24 mdz9-d mdz9-f mdz9-g mdz9-i\" href=\"#next\" data-x-effect-provider=\"colors particles effects\" data-x-slide-next=\"\"><i class=\"x-icon e18117-e25 mdz9-l\" aria-hidden=\"true\" data-x-icon-o=\"&#xf061;\"><\/i><\/a><\/div><ul class=\"x-slide-pagination is-row e18117-e26 mdz9-m\" data-x-slide-pagination=\"\"><\/ul><\/div><\/div><\/div><\/div><\/div><\/div><\/div>\n","protected":false},"excerpt":{"rendered":"<p>Desde este s\u00e1bado se podr\u00e1 ver la exposici\u00f3n del Archivo Municipal de La Orotava \u00abRetratos festivos en el recuerdo\u00bb en el Mercadillo del Agricultor. Una muestra que contiene un conjunto&#8230;<\/p>\n","protected":false},"author":2,"featured_media":18122,"comment_status":"open","ping_status":"open","sticky":false,"template":"","format":"standard","meta":{"_jetpack_memberships_contains_paid_content":false,"footnotes":""},"categories":[7,8,195],"tags":[],"class_list":["post-18117","post","type-post","status-publish","format-standard","has-post-thumbnail","hentry","category-exposiciones","category-fiestas","category-fotografias"],"aioseo_notices":[],"jetpack_featured_media_url":"https:\/\/archivoorotava.es\/blog\/wp-content\/uploads\/2018\/05\/Retratos-festivos-mercadillo-0.jpg","jetpack_sharing_enabled":true,"_links":{"self":[{"href":"https:\/\/archivoorotava.es\/blog\/wp-json\/wp\/v2\/posts\/18117","targetHints":{"allow":["GET"]}}],"collection":[{"href":"https:\/\/archivoorotava.es\/blog\/wp-json\/wp\/v2\/posts"}],"about":[{"href":"https:\/\/archivoorotava.es\/blog\/wp-json\/wp\/v2\/types\/post"}],"author":[{"embeddable":true,"href":"https:\/\/archivoorotava.es\/blog\/wp-json\/wp\/v2\/users\/2"}],"replies":[{"embeddable":true,"href":"https:\/\/archivoorotava.es\/blog\/wp-json\/wp\/v2\/comments?post=18117"}],"version-history":[{"count":2,"href":"https:\/\/archivoorotava.es\/blog\/wp-json\/wp\/v2\/posts\/18117\/revisions"}],"predecessor-version":[{"id":25812,"href":"https:\/\/archivoorotava.es\/blog\/wp-json\/wp\/v2\/posts\/18117\/revisions\/25812"}],"wp:featuredmedia":[{"embeddable":true,"href":"https:\/\/archivoorotava.es\/blog\/wp-json\/wp\/v2\/media\/18122"}],"wp:attachment":[{"href":"https:\/\/archivoorotava.es\/blog\/wp-json\/wp\/v2\/media?parent=18117"}],"wp:term":[{"taxonomy":"category","embeddable":true,"href":"https:\/\/archivoorotava.es\/blog\/wp-json\/wp\/v2\/categories?post=18117"},{"taxonomy":"post_tag","embeddable":true,"href":"https:\/\/archivoorotava.es\/blog\/wp-json\/wp\/v2\/tags?post=18117"}],"curies":[{"name":"wp","href":"https:\/\/api.w.org\/{rel}","templated":true}]}}