{"id":1672,"date":"2014-12-17T11:54:43","date_gmt":"2014-12-17T11:54:43","guid":{"rendered":"https:\/\/archivoorotava.wordpress.com\/?p=1672"},"modified":"2017-01-09T15:28:24","modified_gmt":"2017-01-09T15:28:24","slug":"feliz-navidad-2","status":"publish","type":"post","link":"https:\/\/archivoorotava.es\/blog\/2014\/12\/17\/feliz-navidad-2\/","title":{"rendered":"\u00a1FELIZ NAVIDAD!"},"content":{"rendered":"<div id=\"x-section-1\" class=\"x-section\" style=\"margin: 0px 0px 0px 0px; padding: 0px 0px 0px 0px;  background-color: transparent;\" ><div id=\"\" class=\"x-container\" style=\"margin: 0px auto 0px auto; padding: 0px 0px 0px 0px; \" ><div  class=\"x-column x-sm x-1-1\" style=\"padding: 0px 0px 0px 0px; \" ><div id=\"\" class=\"x-text\" style=\"\" ><p style=\"text-align: justify; text-indent: 30px;\">El Archivo Municipal les desea una Feliz Navidad y que el a\u00f1o 2015 est\u00e9 lleno de salud, paz, armon\u00eda y prosperidad.<\/p>\n<div><a href=\"http:\/\/archivoorotava.es\/blog\/wp-content\/uploads\/2014\/12\/postal-definitiva-reducida.jpg\"><img loading=\"lazy\" decoding=\"async\" class=\"aligncenter wp-image-1673\" src=\"http:\/\/archivoorotava.es\/blog\/wp-content\/uploads\/2014\/12\/postal-definitiva-reducida.jpg?w=300\" alt=\"Tarjeta de Navidad\" width=\"535\" height=\"378\" \/><\/a><\/div>\n<\/div><\/div><\/div><\/div>\n","protected":false},"excerpt":{"rendered":"","protected":false},"author":2,"featured_media":2746,"comment_status":"open","ping_status":"open","sticky":false,"template":"","format":"standard","meta":{"_jetpack_memberships_contains_paid_content":false,"footnotes":""},"categories":[2,178,8],"tags":[177,60,179],"class_list":["post-1672","post","type-post","status-publish","format-standard","has-post-thumbnail","hentry","category-archivo","category-felicitaciones","category-fiestas","tag-felicitacion","tag-navidad","tag-postal"],"aioseo_notices":[],"jetpack_featured_media_url":"https:\/\/archivoorotava.es\/blog\/wp-content\/uploads\/2014\/12\/postal-definitiva-reducida.jpg","jetpack_sharing_enabled":true,"_links":{"self":[{"href":"https:\/\/archivoorotava.es\/blog\/wp-json\/wp\/v2\/posts\/1672","targetHints":{"allow":["GET"]}}],"collection":[{"href":"https:\/\/archivoorotava.es\/blog\/wp-json\/wp\/v2\/posts"}],"about":[{"href":"https:\/\/archivoorotava.es\/blog\/wp-json\/wp\/v2\/types\/post"}],"author":[{"embeddable":true,"href":"https:\/\/archivoorotava.es\/blog\/wp-json\/wp\/v2\/users\/2"}],"replies":[{"embeddable":true,"href":"https:\/\/archivoorotava.es\/blog\/wp-json\/wp\/v2\/comments?post=1672"}],"version-history":[{"count":0,"href":"https:\/\/archivoorotava.es\/blog\/wp-json\/wp\/v2\/posts\/1672\/revisions"}],"wp:featuredmedia":[{"embeddable":true,"href":"https:\/\/archivoorotava.es\/blog\/wp-json\/wp\/v2\/media\/2746"}],"wp:attachment":[{"href":"https:\/\/archivoorotava.es\/blog\/wp-json\/wp\/v2\/media?parent=1672"}],"wp:term":[{"taxonomy":"category","embeddable":true,"href":"https:\/\/archivoorotava.es\/blog\/wp-json\/wp\/v2\/categories?post=1672"},{"taxonomy":"post_tag","embeddable":true,"href":"https:\/\/archivoorotava.es\/blog\/wp-json\/wp\/v2\/tags?post=1672"}],"curies":[{"name":"wp","href":"https:\/\/api.w.org\/{rel}","templated":true}]}}