{"id":13144,"date":"2016-05-18T12:56:11","date_gmt":"2016-05-18T11:56:11","guid":{"rendered":"http:\/\/archivoorotava.es\/blog\/?p=13144"},"modified":"2025-11-05T22:22:27","modified_gmt":"2025-11-05T22:22:27","slug":"piezas-de-museo-en-el-archivo-municipal","status":"publish","type":"post","link":"https:\/\/archivoorotava.es\/blog\/2016\/05\/18\/piezas-de-museo-en-el-archivo-municipal\/","title":{"rendered":"PIEZAS DE MUSEO EN EL ARCHIVO MUNICIPAL"},"content":{"rendered":"<div id=\"cs-content\" class=\"cs-content\"><div id=\"x-section-1\" class=\"x-section\" style=\"margin: 0px;padding: 0px; background-color: transparent;\" ><div id=\"\" class=\"x-container\" style=\"margin: 0px auto;padding: 0px;\" ><div  class=\"x-column x-sm x-1-1\" style=\"padding: 0px;\" ><div id=\"\" class=\"x-text\" style=\"\" ><p style=\"text-align: justify;\"><span  class=\"x-dropcap\" >E<\/span>n el D\u00eda Internacional de los Museos, desde el Archivo Municipal de La Orotava les mostramos un conjunto de piezas de museo que han servido para la elaboraci\u00f3n y reproducci\u00f3n de documentos. Elementos que han sido utilizados y que hoy en d\u00eda son reflejo de un pasado y elementos para recordar. Entre ellos, un mime\u00f3grafo, m\u00e1quinas de escribir, antiguos discos duros de ordenador, etc.<\/p>\n<\/div><\/div><\/div><\/div><div class=\"x-section e13144-e5 ma54-0\"><div class=\"x-row e13144-e6 ma54-2 ma54-3\"><div class=\"x-row-inner\"><div class=\"x-col e13144-e7 ma54-4\"><div class=\"x-div e13144-e8 ma54-5 ma54-6 ma54-7\"><div class=\"x-div e13144-e9 ma54-5 ma54-6 ma54-7\"><div class=\"x-slide-container-viewport is-loading e13144-e10 ma54-b\" data-x-slide-container=\"{&quot;keyboardNavigation&quot;:true,&quot;autoplayStartInView&quot;:true,&quot;snap&quot;:true,&quot;scrollBySlide&quot;:true,&quot;wrapAround&quot;:true,&quot;int&quot;:&quot;click off&quot;,&quot;direction&quot;:&quot;forward&quot;,&quot;startingSlide&quot;:1,&quot;autoplay&quot;:&quot;interval&quot;}\"><div class=\"x-slide-container-content\"><div class=\"x-slide-container is-inline is-paged\"><div class=\"x-slide e13144-e11 ma54-c\" data-x-slide=\"\"><a class=\"x-image e13144-e12 ma54-d\" href=\"https:\/\/archivoorotava.es\/blog\/wp-content\/uploads\/2016\/05\/D\u00eda-de-los-Museos-2016-2.jpg\"><img decoding=\"async\" src=\"https:\/\/archivoorotava.es\/blog\/wp-content\/uploads\/2016\/05\/D\u00eda-de-los-Museos-2016-2.jpg\" srcset=\"https:\/\/archivoorotava.es\/blog\/wp-content\/uploads\/2016\/05\/D\u00eda-de-los-Museos-2016-2.jpg 974w, https:\/\/archivoorotava.es\/blog\/wp-content\/uploads\/2016\/05\/D\u00eda-de-los-Museos-2016-2-300x200.jpg 300w, https:\/\/archivoorotava.es\/blog\/wp-content\/uploads\/2016\/05\/D\u00eda-de-los-Museos-2016-2-768x513.jpg 768w, https:\/\/archivoorotava.es\/blog\/wp-content\/uploads\/2016\/05\/D\u00eda-de-los-Museos-2016-2-100x67.jpg 100w\" sizes=\"(max-width: 974px) 100vw, 974px\" alt=\"\" loading=\"lazy\"><\/a><\/div><div class=\"x-slide e13144-e13 ma54-c\" data-x-slide=\"\"><a class=\"x-image e13144-e14 ma54-d\" href=\"https:\/\/archivoorotava.es\/blog\/wp-content\/uploads\/2016\/05\/D\u00eda-de-los-Museos-2016-3.jpg\"><img decoding=\"async\" src=\"https:\/\/archivoorotava.es\/blog\/wp-content\/uploads\/2016\/05\/D\u00eda-de-los-Museos-2016-3.jpg\" srcset=\"https:\/\/archivoorotava.es\/blog\/wp-content\/uploads\/2016\/05\/D\u00eda-de-los-Museos-2016-3.jpg 975w, https:\/\/archivoorotava.es\/blog\/wp-content\/uploads\/2016\/05\/D\u00eda-de-los-Museos-2016-3-300x200.jpg 300w, https:\/\/archivoorotava.es\/blog\/wp-content\/uploads\/2016\/05\/D\u00eda-de-los-Museos-2016-3-768x512.jpg 768w, https:\/\/archivoorotava.es\/blog\/wp-content\/uploads\/2016\/05\/D\u00eda-de-los-Museos-2016-3-100x67.jpg 100w\" sizes=\"(max-width: 975px) 100vw, 975px\" alt=\"\" loading=\"lazy\"><\/a><\/div><div class=\"x-slide e13144-e15 ma54-c\" data-x-slide=\"\"><a class=\"x-image e13144-e16 ma54-d\" href=\"https:\/\/archivoorotava.es\/blog\/wp-content\/uploads\/2016\/05\/D\u00eda-de-los-Museos-2016-4.jpg\"><img decoding=\"async\" src=\"https:\/\/archivoorotava.es\/blog\/wp-content\/uploads\/2016\/05\/D\u00eda-de-los-Museos-2016-4.jpg\" srcset=\"https:\/\/archivoorotava.es\/blog\/wp-content\/uploads\/2016\/05\/D\u00eda-de-los-Museos-2016-4.jpg 975w, https:\/\/archivoorotava.es\/blog\/wp-content\/uploads\/2016\/05\/D\u00eda-de-los-Museos-2016-4-300x200.jpg 300w, https:\/\/archivoorotava.es\/blog\/wp-content\/uploads\/2016\/05\/D\u00eda-de-los-Museos-2016-4-768x512.jpg 768w, https:\/\/archivoorotava.es\/blog\/wp-content\/uploads\/2016\/05\/D\u00eda-de-los-Museos-2016-4-100x67.jpg 100w\" sizes=\"(max-width: 975px) 100vw, 975px\" alt=\"\" loading=\"lazy\"><\/a><\/div><div class=\"x-slide e13144-e17 ma54-c\" data-x-slide=\"\"><a class=\"x-image e13144-e18 ma54-d\" href=\"https:\/\/archivoorotava.es\/blog\/wp-content\/uploads\/2016\/05\/D\u00eda-de-los-Museos-2016-5.jpg\"><img decoding=\"async\" src=\"https:\/\/archivoorotava.es\/blog\/wp-content\/uploads\/2016\/05\/D\u00eda-de-los-Museos-2016-5.jpg\" srcset=\"https:\/\/archivoorotava.es\/blog\/wp-content\/uploads\/2016\/05\/D\u00eda-de-los-Museos-2016-5.jpg 975w, https:\/\/archivoorotava.es\/blog\/wp-content\/uploads\/2016\/05\/D\u00eda-de-los-Museos-2016-5-300x200.jpg 300w, https:\/\/archivoorotava.es\/blog\/wp-content\/uploads\/2016\/05\/D\u00eda-de-los-Museos-2016-5-768x512.jpg 768w, https:\/\/archivoorotava.es\/blog\/wp-content\/uploads\/2016\/05\/D\u00eda-de-los-Museos-2016-5-100x67.jpg 100w\" sizes=\"(max-width: 975px) 100vw, 975px\" alt=\"\" loading=\"lazy\"><\/a><\/div><div class=\"x-slide e13144-e19 ma54-c\" data-x-slide=\"\"><a class=\"x-image e13144-e20 ma54-d\" href=\"https:\/\/archivoorotava.es\/blog\/wp-content\/uploads\/2016\/05\/D\u00eda-de-los-Museos-2016-6.jpg\"><img decoding=\"async\" src=\"https:\/\/archivoorotava.es\/blog\/wp-content\/uploads\/2016\/05\/D\u00eda-de-los-Museos-2016-6.jpg\" srcset=\"https:\/\/archivoorotava.es\/blog\/wp-content\/uploads\/2016\/05\/D\u00eda-de-los-Museos-2016-6.jpg 975w, https:\/\/archivoorotava.es\/blog\/wp-content\/uploads\/2016\/05\/D\u00eda-de-los-Museos-2016-6-300x200.jpg 300w, https:\/\/archivoorotava.es\/blog\/wp-content\/uploads\/2016\/05\/D\u00eda-de-los-Museos-2016-6-768x512.jpg 768w, https:\/\/archivoorotava.es\/blog\/wp-content\/uploads\/2016\/05\/D\u00eda-de-los-Museos-2016-6-100x67.jpg 100w\" sizes=\"(max-width: 975px) 100vw, 975px\" alt=\"\" loading=\"lazy\"><\/a><\/div><div class=\"x-slide e13144-e21 ma54-c\" data-x-slide=\"\"><a class=\"x-image e13144-e22 ma54-d\" href=\"https:\/\/archivoorotava.es\/blog\/wp-content\/uploads\/2016\/05\/D\u00eda-de-los-Museos-2016-7.jpg\"><img decoding=\"async\" src=\"https:\/\/archivoorotava.es\/blog\/wp-content\/uploads\/2016\/05\/D\u00eda-de-los-Museos-2016-7.jpg\" srcset=\"https:\/\/archivoorotava.es\/blog\/wp-content\/uploads\/2016\/05\/D\u00eda-de-los-Museos-2016-7.jpg 974w, https:\/\/archivoorotava.es\/blog\/wp-content\/uploads\/2016\/05\/D\u00eda-de-los-Museos-2016-7-300x200.jpg 300w, https:\/\/archivoorotava.es\/blog\/wp-content\/uploads\/2016\/05\/D\u00eda-de-los-Museos-2016-7-768x513.jpg 768w, https:\/\/archivoorotava.es\/blog\/wp-content\/uploads\/2016\/05\/D\u00eda-de-los-Museos-2016-7-100x67.jpg 100w\" sizes=\"(max-width: 974px) 100vw, 974px\" alt=\"\" loading=\"lazy\"><\/a><\/div><div class=\"x-slide e13144-e23 ma54-c\" data-x-slide=\"\"><a class=\"x-image e13144-e24 ma54-d\" href=\"https:\/\/archivoorotava.es\/blog\/wp-content\/uploads\/2016\/05\/D\u00eda-de-los-Museos-2016-8.jpg\"><img decoding=\"async\" src=\"https:\/\/archivoorotava.es\/blog\/wp-content\/uploads\/2016\/05\/D\u00eda-de-los-Museos-2016-8.jpg\" srcset=\"https:\/\/archivoorotava.es\/blog\/wp-content\/uploads\/2016\/05\/D\u00eda-de-los-Museos-2016-8.jpg 974w, https:\/\/archivoorotava.es\/blog\/wp-content\/uploads\/2016\/05\/D\u00eda-de-los-Museos-2016-8-300x200.jpg 300w, https:\/\/archivoorotava.es\/blog\/wp-content\/uploads\/2016\/05\/D\u00eda-de-los-Museos-2016-8-768x513.jpg 768w, https:\/\/archivoorotava.es\/blog\/wp-content\/uploads\/2016\/05\/D\u00eda-de-los-Museos-2016-8-100x67.jpg 100w\" sizes=\"(max-width: 974px) 100vw, 974px\" alt=\"\" loading=\"lazy\"><\/a><\/div><div class=\"x-slide e13144-e25 ma54-c\" data-x-slide=\"\"><a class=\"x-image e13144-e26 ma54-d\" href=\"https:\/\/archivoorotava.es\/blog\/wp-content\/uploads\/2016\/05\/D\u00eda-de-los-Museos-2016-9.jpg\"><img decoding=\"async\" src=\"https:\/\/archivoorotava.es\/blog\/wp-content\/uploads\/2016\/05\/D\u00eda-de-los-Museos-2016-9.jpg\" srcset=\"https:\/\/archivoorotava.es\/blog\/wp-content\/uploads\/2016\/05\/D\u00eda-de-los-Museos-2016-9.jpg 975w, https:\/\/archivoorotava.es\/blog\/wp-content\/uploads\/2016\/05\/D\u00eda-de-los-Museos-2016-9-300x200.jpg 300w, https:\/\/archivoorotava.es\/blog\/wp-content\/uploads\/2016\/05\/D\u00eda-de-los-Museos-2016-9-768x512.jpg 768w, https:\/\/archivoorotava.es\/blog\/wp-content\/uploads\/2016\/05\/D\u00eda-de-los-Museos-2016-9-100x67.jpg 100w\" sizes=\"(max-width: 975px) 100vw, 975px\" alt=\"\" loading=\"lazy\"><\/a><\/div><div class=\"x-slide e13144-e27 ma54-c\" data-x-slide=\"\"><a class=\"x-image e13144-e28 ma54-d\" href=\"https:\/\/archivoorotava.es\/blog\/wp-content\/uploads\/2016\/05\/D\u00eda-de-los-Museos-2016-10.jpg\"><img decoding=\"async\" src=\"https:\/\/archivoorotava.es\/blog\/wp-content\/uploads\/2016\/05\/D\u00eda-de-los-Museos-2016-10.jpg\" srcset=\"https:\/\/archivoorotava.es\/blog\/wp-content\/uploads\/2016\/05\/D\u00eda-de-los-Museos-2016-10.jpg 974w, https:\/\/archivoorotava.es\/blog\/wp-content\/uploads\/2016\/05\/D\u00eda-de-los-Museos-2016-10-300x200.jpg 300w, https:\/\/archivoorotava.es\/blog\/wp-content\/uploads\/2016\/05\/D\u00eda-de-los-Museos-2016-10-768x513.jpg 768w, https:\/\/archivoorotava.es\/blog\/wp-content\/uploads\/2016\/05\/D\u00eda-de-los-Museos-2016-10-100x67.jpg 100w\" sizes=\"(max-width: 974px) 100vw, 974px\" alt=\"\" loading=\"lazy\"><\/a><\/div><div class=\"x-slide e13144-e29 ma54-c\" data-x-slide=\"\"><a class=\"x-image e13144-e30 ma54-d\" href=\"https:\/\/archivoorotava.es\/blog\/wp-content\/uploads\/2016\/05\/D\u00eda-de-los-Museos-2016-11.jpg\"><img decoding=\"async\" src=\"https:\/\/archivoorotava.es\/blog\/wp-content\/uploads\/2016\/05\/D\u00eda-de-los-Museos-2016-11.jpg\" srcset=\"https:\/\/archivoorotava.es\/blog\/wp-content\/uploads\/2016\/05\/D\u00eda-de-los-Museos-2016-11.jpg 975w, https:\/\/archivoorotava.es\/blog\/wp-content\/uploads\/2016\/05\/D\u00eda-de-los-Museos-2016-11-300x200.jpg 300w, https:\/\/archivoorotava.es\/blog\/wp-content\/uploads\/2016\/05\/D\u00eda-de-los-Museos-2016-11-768x512.jpg 768w, https:\/\/archivoorotava.es\/blog\/wp-content\/uploads\/2016\/05\/D\u00eda-de-los-Museos-2016-11-100x67.jpg 100w\" sizes=\"(max-width: 975px) 100vw, 975px\" alt=\"\" loading=\"lazy\"><\/a><\/div><div class=\"x-slide e13144-e31 ma54-c\" data-x-slide=\"\"><a class=\"x-image e13144-e32 ma54-d\" href=\"https:\/\/archivoorotava.es\/blog\/wp-content\/uploads\/2016\/05\/D\u00eda-de-los-Museos-2016-12.jpg\"><img decoding=\"async\" src=\"https:\/\/archivoorotava.es\/blog\/wp-content\/uploads\/2016\/05\/D\u00eda-de-los-Museos-2016-12.jpg\" srcset=\"https:\/\/archivoorotava.es\/blog\/wp-content\/uploads\/2016\/05\/D\u00eda-de-los-Museos-2016-12.jpg 975w, https:\/\/archivoorotava.es\/blog\/wp-content\/uploads\/2016\/05\/D\u00eda-de-los-Museos-2016-12-300x200.jpg 300w, https:\/\/archivoorotava.es\/blog\/wp-content\/uploads\/2016\/05\/D\u00eda-de-los-Museos-2016-12-768x512.jpg 768w, https:\/\/archivoorotava.es\/blog\/wp-content\/uploads\/2016\/05\/D\u00eda-de-los-Museos-2016-12-100x67.jpg 100w\" sizes=\"(max-width: 975px) 100vw, 975px\" alt=\"\" loading=\"lazy\"><\/a><\/div><div class=\"x-slide e13144-e33 ma54-c\" data-x-slide=\"\"><a class=\"x-image e13144-e34 ma54-d\" href=\"https:\/\/archivoorotava.es\/blog\/wp-content\/uploads\/2016\/05\/D\u00eda-de-los-Museos-2016-1.jpg\"><img decoding=\"async\" src=\"https:\/\/archivoorotava.es\/blog\/wp-content\/uploads\/2016\/05\/D\u00eda-de-los-Museos-2016-1.jpg\" srcset=\"https:\/\/archivoorotava.es\/blog\/wp-content\/uploads\/2016\/05\/D\u00eda-de-los-Museos-2016-1.jpg 997w, https:\/\/archivoorotava.es\/blog\/wp-content\/uploads\/2016\/05\/D\u00eda-de-los-Museos-2016-1-300x196.jpg 300w, https:\/\/archivoorotava.es\/blog\/wp-content\/uploads\/2016\/05\/D\u00eda-de-los-Museos-2016-1-768x501.jpg 768w, https:\/\/archivoorotava.es\/blog\/wp-content\/uploads\/2016\/05\/D\u00eda-de-los-Museos-2016-1-100x65.jpg 100w\" sizes=\"(max-width: 997px) 100vw, 997px\" alt=\"\" loading=\"lazy\"><\/a><\/div><\/div><\/div><\/div><div class=\"x-div e13144-e35 ma54-5 ma54-6 ma54-8 ma54-9 ma54-1\"><a class=\"x-div e13144-e36 ma54-5 ma54-7 ma54-8 ma54-a\" href=\"#prev\" data-x-effect-provider=\"colors particles effects\" data-x-slide-prev=\"\"><i class=\"x-icon e13144-e37 ma54-e\" aria-hidden=\"true\" data-x-icon-o=\"&#xf060;\"><\/i><\/a><a class=\"x-div e13144-e38 ma54-5 ma54-7 ma54-8 ma54-a\" href=\"#next\" data-x-effect-provider=\"colors particles effects\" data-x-slide-next=\"\"><i class=\"x-icon e13144-e39 ma54-e\" aria-hidden=\"true\" data-x-icon-o=\"&#xf061;\"><\/i><\/a><\/div><ul class=\"x-slide-pagination is-row e13144-e40 ma54-f\" data-x-slide-pagination=\"\"><\/ul><\/div><\/div><\/div><\/div><\/div><\/div><\/div>\n","protected":false},"excerpt":{"rendered":"<p>En el D\u00eda Internacional de los Museos, desde el Archivo Municipal de La Orotava les mostramos un conjunto de piezas de museo que han servido para la elaboraci\u00f3n y reproducci\u00f3n de documentos. Elementos que han sido utilizados y que &#8230;<\/p>\n","protected":false},"author":2,"featured_media":13153,"comment_status":"open","ping_status":"open","sticky":false,"template":"","format":"standard","meta":{"_jetpack_memberships_contains_paid_content":false,"footnotes":""},"categories":[5,7,304],"tags":[305,306,56,308,307],"class_list":["post-13144","post","type-post","status-publish","format-standard","has-post-thumbnail","hentry","category-donaciones-2","category-exposiciones","category-museo","tag-dia-internacional-de-los-museos","tag-magnetofono","tag-maquina-de-escribir","tag-mimeografo","tag-proyector"],"aioseo_notices":[],"jetpack_featured_media_url":"https:\/\/archivoorotava.es\/blog\/wp-content\/uploads\/2016\/05\/D\u00eda-de-los-Museos-2016-1.jpg","jetpack_sharing_enabled":true,"_links":{"self":[{"href":"https:\/\/archivoorotava.es\/blog\/wp-json\/wp\/v2\/posts\/13144","targetHints":{"allow":["GET"]}}],"collection":[{"href":"https:\/\/archivoorotava.es\/blog\/wp-json\/wp\/v2\/posts"}],"about":[{"href":"https:\/\/archivoorotava.es\/blog\/wp-json\/wp\/v2\/types\/post"}],"author":[{"embeddable":true,"href":"https:\/\/archivoorotava.es\/blog\/wp-json\/wp\/v2\/users\/2"}],"replies":[{"embeddable":true,"href":"https:\/\/archivoorotava.es\/blog\/wp-json\/wp\/v2\/comments?post=13144"}],"version-history":[{"count":4,"href":"https:\/\/archivoorotava.es\/blog\/wp-json\/wp\/v2\/posts\/13144\/revisions"}],"predecessor-version":[{"id":25751,"href":"https:\/\/archivoorotava.es\/blog\/wp-json\/wp\/v2\/posts\/13144\/revisions\/25751"}],"wp:featuredmedia":[{"embeddable":true,"href":"https:\/\/archivoorotava.es\/blog\/wp-json\/wp\/v2\/media\/13153"}],"wp:attachment":[{"href":"https:\/\/archivoorotava.es\/blog\/wp-json\/wp\/v2\/media?parent=13144"}],"wp:term":[{"taxonomy":"category","embeddable":true,"href":"https:\/\/archivoorotava.es\/blog\/wp-json\/wp\/v2\/categories?post=13144"},{"taxonomy":"post_tag","embeddable":true,"href":"https:\/\/archivoorotava.es\/blog\/wp-json\/wp\/v2\/tags?post=13144"}],"curies":[{"name":"wp","href":"https:\/\/api.w.org\/{rel}","templated":true}]}}