{"id":13011,"date":"2016-05-10T12:32:48","date_gmt":"2016-05-10T11:32:48","guid":{"rendered":"http:\/\/archivoorotava.es\/blog\/?p=13011"},"modified":"2025-11-05T23:03:47","modified_gmt":"2025-11-05T23:03:47","slug":"exposicion-retratos-festivos-en-el-recuerdo","status":"publish","type":"post","link":"https:\/\/archivoorotava.es\/blog\/2016\/05\/10\/exposicion-retratos-festivos-en-el-recuerdo\/","title":{"rendered":"Exposici\u00f3n: \u00abRetratos festivos en el recuerdo\u00bb"},"content":{"rendered":"<div id=\"cs-content\" class=\"cs-content\"><div id=\"x-section-1\" class=\"x-section\" style=\"margin: 0px;padding: 0px; background-color: transparent;\" ><div id=\"\" class=\"x-container\" style=\"margin: 0px auto;padding: 0px;\" ><div  class=\"x-column x-sm x-1-1\" style=\"padding: 0px;\" ><div  class=\"x-raw-content\" >[slb_group]<\/div><\/div><\/div><\/div><div id=\"x-section-2\" class=\"x-section\" style=\"margin: 0px;padding: 0px; background-color: transparent;\" ><div id=\"\" class=\"x-container\" style=\"margin: 0px auto;padding: 0px;\" ><div  class=\"x-column x-sm x-3-4\" style=\"padding: 0px;\" ><div id=\"\" class=\"x-text\" style=\"\" ><p style=\"text-align: justify;\"><span  class=\"x-dropcap\" >L<\/span>a pasada semana se inaugur\u00f3 \u201cRetratos festivos en el recuerdo\", una exposici\u00f3n dise\u00f1ada y elaborada por el Archivo Municipal de La Orotava, que ofrece una visi\u00f3n de las fiestas patronales a trav\u00e9s de un conjunto de retratos que reflejan sus vivencias, su lado humano y nos acerca a conocer el pasado de las fiestas patronales de la Villa. Un homenaje a todas las personas que han formado parte y colaborado en las fiestas, as\u00ed como a los fot\u00f3grafos que han dejado inmortalizados estos retratos a lo largo del tiempo.<\/p>\n<p style=\"text-align: justify; text-indent: 30px;\">Se podr\u00e1 visitar hasta el 2 de junio en el Ayuntamiento de La Orotava.<br \/>\n\u00a1Esperamos la disfruten!<\/p>\n<\/div><\/div><div  class=\"x-column x-sm x-1-4\" style=\"padding: 0px;opacity: 0; transform: translate(90px, 0); transition-duration: 750ms;\" data-x-element=\"column\" data-x-params=\"{&quot;fade&quot;:true}\" data-fade=\"true\"><a  class=\"x-img x-img-link x-img-thumbnail\"  href=\"http:\/\/archivoorotava.es\/blog\/wp-content\/uploads\/2016\/05\/Inauguraci\u00f3n-Retratos-festivos-en-e-recuerdo-preparativos-8.jpg\"     data-options=\"thumbnail: 'http:\/\/archivoorotava.es\/blog\/wp-content\/uploads\/2016\/05\/Inauguraci\u00f3n-Retratos-festivos-en-e-recuerdo-preparativos-8.jpg'\"><img decoding=\"async\" src=\"http:\/\/archivoorotava.es\/blog\/wp-content\/uploads\/2016\/05\/Inauguraci\u00f3n-Retratos-festivos-en-e-recuerdo-preparativos-8.jpg\" ><\/a><\/div><\/div><\/div><div id=\"x-section-3\" class=\"x-section\" style=\"margin: 0px;padding: 0px; background-color: transparent;\" ><div id=\"\" class=\"x-container\" style=\"margin: -30px auto 0px;padding: 0px;\" ><div  class=\"x-column x-sm x-1-1\" style=\"padding: 0px;opacity: 0; transform: translate(-90px, 0); transition-duration: 750ms;\" data-x-element=\"column\" data-x-params=\"{&quot;fade&quot;:true}\" data-fade=\"true\"><blockquote  class=\"x-blockquote center-text\" >Horario:\n6  al 27 de mayo: 9 a 15h\n31 de mayo al 2 de junio: 9 a 20h\n<\/blockquote><\/div><\/div><\/div><div id=\"x-section-4\" class=\"x-section\" style=\"margin: 0px;padding: 0px; background-color: transparent;\" ><div id=\"\" class=\"x-container\" style=\"margin: 0px auto;padding: 0px;\" ><div  class=\"x-column x-sm x-1-1\" style=\"padding: 0px;\" ><div  class=\"x-raw-content\" >[\/slb_group]<\/div><\/div><\/div><\/div><div class=\"x-section e13011-e19 ma1f-0\"><div class=\"x-row e13011-e20 ma1f-2 ma1f-3\"><div class=\"x-row-inner\"><div class=\"x-col e13011-e21 ma1f-4\"><div class=\"x-div e13011-e22 ma1f-5 ma1f-6 ma1f-7\"><div class=\"x-div e13011-e23 ma1f-5 ma1f-6 ma1f-7\"><div class=\"x-slide-container-viewport is-loading e13011-e24 ma1f-b\" data-x-slide-container=\"{&quot;keyboardNavigation&quot;:true,&quot;autoplayStartInView&quot;:true,&quot;snap&quot;:true,&quot;scrollBySlide&quot;:true,&quot;wrapAround&quot;:true,&quot;int&quot;:&quot;click off&quot;,&quot;direction&quot;:&quot;forward&quot;,&quot;startingSlide&quot;:1,&quot;autoplay&quot;:&quot;interval&quot;}\"><div class=\"x-slide-container-content\"><div class=\"x-slide-container is-inline is-paged\"><div class=\"x-slide e13011-e25 ma1f-c\" data-x-slide=\"\"><a class=\"x-image e13011-e26 ma1f-d\" href=\"https:\/\/archivoorotava.es\/blog\/wp-content\/uploads\/2016\/05\/Inauguraci\u00f3n-Retratos-festivos-en-e-recuerdo-preparativos-1.jpg\"><img decoding=\"async\" src=\"https:\/\/archivoorotava.es\/blog\/wp-content\/uploads\/2016\/05\/Inauguraci\u00f3n-Retratos-festivos-en-e-recuerdo-preparativos-1.jpg\" srcset=\"https:\/\/archivoorotava.es\/blog\/wp-content\/uploads\/2016\/05\/Inauguraci\u00f3n-Retratos-festivos-en-e-recuerdo-preparativos-1.jpg 974w, https:\/\/archivoorotava.es\/blog\/wp-content\/uploads\/2016\/05\/Inauguraci\u00f3n-Retratos-festivos-en-e-recuerdo-preparativos-1-300x200.jpg 300w, https:\/\/archivoorotava.es\/blog\/wp-content\/uploads\/2016\/05\/Inauguraci\u00f3n-Retratos-festivos-en-e-recuerdo-preparativos-1-768x513.jpg 768w, https:\/\/archivoorotava.es\/blog\/wp-content\/uploads\/2016\/05\/Inauguraci\u00f3n-Retratos-festivos-en-e-recuerdo-preparativos-1-100x67.jpg 100w, https:\/\/archivoorotava.es\/blog\/wp-content\/uploads\/2016\/05\/Inauguraci\u00f3n-Retratos-festivos-en-e-recuerdo-preparativos-1-350x233.jpg 350w\" sizes=\"(max-width: 974px) 100vw, 974px\" alt=\"\" loading=\"lazy\"><\/a><\/div><div class=\"x-slide e13011-e27 ma1f-c\" data-x-slide=\"\"><a class=\"x-image e13011-e28 ma1f-d\" href=\"https:\/\/archivoorotava.es\/blog\/wp-content\/uploads\/2016\/05\/Inauguraci\u00f3n-Retratos-festivos-en-e-recuerdo-preparativos-2.jpg\"><img decoding=\"async\" src=\"https:\/\/archivoorotava.es\/blog\/wp-content\/uploads\/2016\/05\/Inauguraci\u00f3n-Retratos-festivos-en-e-recuerdo-preparativos-2.jpg\" srcset=\"https:\/\/archivoorotava.es\/blog\/wp-content\/uploads\/2016\/05\/Inauguraci\u00f3n-Retratos-festivos-en-e-recuerdo-preparativos-2.jpg 974w, https:\/\/archivoorotava.es\/blog\/wp-content\/uploads\/2016\/05\/Inauguraci\u00f3n-Retratos-festivos-en-e-recuerdo-preparativos-2-300x200.jpg 300w, https:\/\/archivoorotava.es\/blog\/wp-content\/uploads\/2016\/05\/Inauguraci\u00f3n-Retratos-festivos-en-e-recuerdo-preparativos-2-768x513.jpg 768w, https:\/\/archivoorotava.es\/blog\/wp-content\/uploads\/2016\/05\/Inauguraci\u00f3n-Retratos-festivos-en-e-recuerdo-preparativos-2-100x67.jpg 100w, https:\/\/archivoorotava.es\/blog\/wp-content\/uploads\/2016\/05\/Inauguraci\u00f3n-Retratos-festivos-en-e-recuerdo-preparativos-2-350x233.jpg 350w\" sizes=\"(max-width: 974px) 100vw, 974px\" alt=\"\" loading=\"lazy\"><\/a><\/div><div class=\"x-slide e13011-e29 ma1f-c\" data-x-slide=\"\"><a class=\"x-image e13011-e30 ma1f-d\" href=\"https:\/\/archivoorotava.es\/blog\/wp-content\/uploads\/2016\/05\/Inauguraci\u00f3n-Retratos-festivos-en-e-recuerdo-preparativos-3.jpg\"><img decoding=\"async\" src=\"https:\/\/archivoorotava.es\/blog\/wp-content\/uploads\/2016\/05\/Inauguraci\u00f3n-Retratos-festivos-en-e-recuerdo-preparativos-3.jpg\" srcset=\"https:\/\/archivoorotava.es\/blog\/wp-content\/uploads\/2016\/05\/Inauguraci\u00f3n-Retratos-festivos-en-e-recuerdo-preparativos-3.jpg 974w, https:\/\/archivoorotava.es\/blog\/wp-content\/uploads\/2016\/05\/Inauguraci\u00f3n-Retratos-festivos-en-e-recuerdo-preparativos-3-300x200.jpg 300w, https:\/\/archivoorotava.es\/blog\/wp-content\/uploads\/2016\/05\/Inauguraci\u00f3n-Retratos-festivos-en-e-recuerdo-preparativos-3-768x513.jpg 768w, https:\/\/archivoorotava.es\/blog\/wp-content\/uploads\/2016\/05\/Inauguraci\u00f3n-Retratos-festivos-en-e-recuerdo-preparativos-3-100x67.jpg 100w, https:\/\/archivoorotava.es\/blog\/wp-content\/uploads\/2016\/05\/Inauguraci\u00f3n-Retratos-festivos-en-e-recuerdo-preparativos-3-350x233.jpg 350w\" sizes=\"(max-width: 974px) 100vw, 974px\" alt=\"\" loading=\"lazy\"><\/a><\/div><div class=\"x-slide e13011-e31 ma1f-c\" data-x-slide=\"\"><a class=\"x-image e13011-e32 ma1f-d\" href=\"https:\/\/archivoorotava.es\/blog\/wp-content\/uploads\/2016\/05\/Inauguraci\u00f3n-Retratos-festivos-en-e-recuerdo-preparativos-4.jpg\"><img decoding=\"async\" src=\"https:\/\/archivoorotava.es\/blog\/wp-content\/uploads\/2016\/05\/Inauguraci\u00f3n-Retratos-festivos-en-e-recuerdo-preparativos-4.jpg\" srcset=\"https:\/\/archivoorotava.es\/blog\/wp-content\/uploads\/2016\/05\/Inauguraci\u00f3n-Retratos-festivos-en-e-recuerdo-preparativos-4.jpg 974w, https:\/\/archivoorotava.es\/blog\/wp-content\/uploads\/2016\/05\/Inauguraci\u00f3n-Retratos-festivos-en-e-recuerdo-preparativos-4-300x200.jpg 300w, https:\/\/archivoorotava.es\/blog\/wp-content\/uploads\/2016\/05\/Inauguraci\u00f3n-Retratos-festivos-en-e-recuerdo-preparativos-4-768x513.jpg 768w, https:\/\/archivoorotava.es\/blog\/wp-content\/uploads\/2016\/05\/Inauguraci\u00f3n-Retratos-festivos-en-e-recuerdo-preparativos-4-100x67.jpg 100w, https:\/\/archivoorotava.es\/blog\/wp-content\/uploads\/2016\/05\/Inauguraci\u00f3n-Retratos-festivos-en-e-recuerdo-preparativos-4-350x233.jpg 350w\" sizes=\"(max-width: 974px) 100vw, 974px\" alt=\"\" loading=\"lazy\"><\/a><\/div><div class=\"x-slide e13011-e33 ma1f-c\" data-x-slide=\"\"><a class=\"x-image e13011-e34 ma1f-d\" href=\"https:\/\/archivoorotava.es\/blog\/wp-content\/uploads\/2016\/05\/Inauguraci\u00f3n-Retratos-festivos-en-e-recuerdo-preparativos-5.jpg\"><img decoding=\"async\" src=\"https:\/\/archivoorotava.es\/blog\/wp-content\/uploads\/2016\/05\/Inauguraci\u00f3n-Retratos-festivos-en-e-recuerdo-preparativos-5.jpg\" srcset=\"https:\/\/archivoorotava.es\/blog\/wp-content\/uploads\/2016\/05\/Inauguraci\u00f3n-Retratos-festivos-en-e-recuerdo-preparativos-5.jpg 974w, https:\/\/archivoorotava.es\/blog\/wp-content\/uploads\/2016\/05\/Inauguraci\u00f3n-Retratos-festivos-en-e-recuerdo-preparativos-5-300x200.jpg 300w, https:\/\/archivoorotava.es\/blog\/wp-content\/uploads\/2016\/05\/Inauguraci\u00f3n-Retratos-festivos-en-e-recuerdo-preparativos-5-768x513.jpg 768w, https:\/\/archivoorotava.es\/blog\/wp-content\/uploads\/2016\/05\/Inauguraci\u00f3n-Retratos-festivos-en-e-recuerdo-preparativos-5-100x67.jpg 100w, https:\/\/archivoorotava.es\/blog\/wp-content\/uploads\/2016\/05\/Inauguraci\u00f3n-Retratos-festivos-en-e-recuerdo-preparativos-5-350x233.jpg 350w\" sizes=\"(max-width: 974px) 100vw, 974px\" alt=\"\" loading=\"lazy\"><\/a><\/div><div class=\"x-slide e13011-e35 ma1f-c\" data-x-slide=\"\"><a class=\"x-image e13011-e36 ma1f-d\" href=\"https:\/\/archivoorotava.es\/blog\/wp-content\/uploads\/2016\/05\/Inauguraci\u00f3n-Retratos-festivos-en-e-recuerdo-preparativos-6.jpg\"><img decoding=\"async\" src=\"https:\/\/archivoorotava.es\/blog\/wp-content\/uploads\/2016\/05\/Inauguraci\u00f3n-Retratos-festivos-en-e-recuerdo-preparativos-6.jpg\" srcset=\"https:\/\/archivoorotava.es\/blog\/wp-content\/uploads\/2016\/05\/Inauguraci\u00f3n-Retratos-festivos-en-e-recuerdo-preparativos-6.jpg 974w, https:\/\/archivoorotava.es\/blog\/wp-content\/uploads\/2016\/05\/Inauguraci\u00f3n-Retratos-festivos-en-e-recuerdo-preparativos-6-300x200.jpg 300w, https:\/\/archivoorotava.es\/blog\/wp-content\/uploads\/2016\/05\/Inauguraci\u00f3n-Retratos-festivos-en-e-recuerdo-preparativos-6-768x513.jpg 768w, https:\/\/archivoorotava.es\/blog\/wp-content\/uploads\/2016\/05\/Inauguraci\u00f3n-Retratos-festivos-en-e-recuerdo-preparativos-6-100x67.jpg 100w, https:\/\/archivoorotava.es\/blog\/wp-content\/uploads\/2016\/05\/Inauguraci\u00f3n-Retratos-festivos-en-e-recuerdo-preparativos-6-350x233.jpg 350w\" sizes=\"(max-width: 974px) 100vw, 974px\" alt=\"\" loading=\"lazy\"><\/a><\/div><div class=\"x-slide e13011-e37 ma1f-c\" data-x-slide=\"\"><a class=\"x-image e13011-e38 ma1f-d\" href=\"https:\/\/archivoorotava.es\/blog\/wp-content\/uploads\/2016\/05\/Inauguraci\u00f3n-Retratos-festivos-en-e-recuerdo-preparativos-7.jpg\"><img decoding=\"async\" src=\"https:\/\/archivoorotava.es\/blog\/wp-content\/uploads\/2016\/05\/Inauguraci\u00f3n-Retratos-festivos-en-e-recuerdo-preparativos-7.jpg\" srcset=\"https:\/\/archivoorotava.es\/blog\/wp-content\/uploads\/2016\/05\/Inauguraci\u00f3n-Retratos-festivos-en-e-recuerdo-preparativos-7.jpg 974w, https:\/\/archivoorotava.es\/blog\/wp-content\/uploads\/2016\/05\/Inauguraci\u00f3n-Retratos-festivos-en-e-recuerdo-preparativos-7-300x200.jpg 300w, https:\/\/archivoorotava.es\/blog\/wp-content\/uploads\/2016\/05\/Inauguraci\u00f3n-Retratos-festivos-en-e-recuerdo-preparativos-7-768x513.jpg 768w, https:\/\/archivoorotava.es\/blog\/wp-content\/uploads\/2016\/05\/Inauguraci\u00f3n-Retratos-festivos-en-e-recuerdo-preparativos-7-100x67.jpg 100w, https:\/\/archivoorotava.es\/blog\/wp-content\/uploads\/2016\/05\/Inauguraci\u00f3n-Retratos-festivos-en-e-recuerdo-preparativos-7-350x233.jpg 350w\" sizes=\"(max-width: 974px) 100vw, 974px\" alt=\"\" loading=\"lazy\"><\/a><\/div><\/div><\/div><\/div><div class=\"x-div e13011-e39 ma1f-5 ma1f-6 ma1f-8 ma1f-9 ma1f-1\"><a class=\"x-div e13011-e40 ma1f-5 ma1f-7 ma1f-8 ma1f-a\" href=\"#prev\" data-x-effect-provider=\"colors particles effects\" data-x-slide-prev=\"\"><i class=\"x-icon e13011-e41 ma1f-e\" aria-hidden=\"true\" data-x-icon-o=\"&#xf060;\"><\/i><\/a><a class=\"x-div e13011-e42 ma1f-5 ma1f-7 ma1f-8 ma1f-a\" href=\"#next\" data-x-effect-provider=\"colors particles effects\" data-x-slide-next=\"\"><i class=\"x-icon e13011-e43 ma1f-e\" aria-hidden=\"true\" data-x-icon-o=\"&#xf061;\"><\/i><\/a><\/div><ul class=\"x-slide-pagination is-row e13011-e44 ma1f-f\" data-x-slide-pagination=\"\"><\/ul><\/div><\/div><\/div><\/div><\/div><\/div><div id=\"x-section-5\" class=\"x-section\" style=\"margin: 0px;padding: 0px; background-color: transparent;\" ><div id=\"\" class=\"x-container\" style=\"margin: 0px auto;padding: 0px;\" ><div  class=\"x-column x-sm x-1-1\" style=\"padding: 0px;\" ><h4  class=\"h-custom-headline cs-ta-center h5 accent\" ><span>v\u00eddeo inauguraci\u00f3n exposici\u00f3n<\/span><\/h4><\/div><\/div><\/div><div id=\"x-section-6\" class=\"x-section\" style=\"margin: 0px;padding: 0px; background-color: transparent;\" ><div id=\"\" class=\"x-container\" style=\"margin: 0px auto;padding: 0px;\" ><div  class=\"x-column x-sm x-1-1\" style=\"padding: 0px;\" ><div  class=\"x-video player autoplay loop with-container\" data-x-element-mejs=\"{&quot;poster&quot;:&quot;http:\\\/\\\/archivoorotava.es\\\/blog\\\/wp-content\\\/uploads\\\/2016\\\/05\\\/Inauguraci\\u00f3n-Retratos-festivos-en-e-recuerdo-preparativos-4.jpg&quot;}\"  data-x-video-options=''><div class=\"x-video-inner video\/mp4 \"><video class=\"x-mejs has-stack-styles advanced-controls\" poster=\"http:\/\/archivoorotava.es\/blog\/wp-content\/uploads\/2016\/05\/Inauguraci\u00f3n-Retratos-festivos-en-e-recuerdo-preparativos-4.jpg\" preload=\"auto\" autoplay loop><source src=\"http:\/\/archivoorotava.es\/blog\/wp-content\/uploads\/2016\/05\/Inauguraci\u00f3n-de-la-exposici\u00f3n-Retratos-Festivos-En-El-Recuerdo.mp4\" type=\"video\/mp4\"><\/video><\/div><\/div><\/div><\/div><\/div><\/div>\n","protected":false},"excerpt":{"rendered":"<p>La pasada semana se inaugur\u00f3 \u201cRetratos festivos en el recuerdo\u00bb, una exposici\u00f3n dise\u00f1ada y elaborada por el Archivo Municipal de La Orotava, que ofrece una visi\u00f3n de las fiestas patronales a trav\u00e9s de un conjunto de retratos que reflejan &#8230;<\/p>\n","protected":false},"author":2,"featured_media":13017,"comment_status":"open","ping_status":"open","sticky":false,"template":"","format":"standard","meta":{"_jetpack_memberships_contains_paid_content":false,"footnotes":""},"categories":[2,7,8,195,12,16],"tags":[45,203,302],"class_list":["post-13011","post","type-post","status-publish","format-standard","has-post-thumbnail","hentry","category-archivo","category-exposiciones","category-fiestas","category-fotografias","category-multimedia","category-videos","tag-exposicion","tag-fiestas-patronales","tag-retratos-festivos-en-el-recuerdo"],"aioseo_notices":[],"jetpack_featured_media_url":"https:\/\/archivoorotava.es\/blog\/wp-content\/uploads\/2016\/05\/Inauguraci\u00f3n-Retratos-festivos-en-e-recuerdo-preparativos-4.jpg","jetpack_sharing_enabled":true,"_links":{"self":[{"href":"https:\/\/archivoorotava.es\/blog\/wp-json\/wp\/v2\/posts\/13011","targetHints":{"allow":["GET"]}}],"collection":[{"href":"https:\/\/archivoorotava.es\/blog\/wp-json\/wp\/v2\/posts"}],"about":[{"href":"https:\/\/archivoorotava.es\/blog\/wp-json\/wp\/v2\/types\/post"}],"author":[{"embeddable":true,"href":"https:\/\/archivoorotava.es\/blog\/wp-json\/wp\/v2\/users\/2"}],"replies":[{"embeddable":true,"href":"https:\/\/archivoorotava.es\/blog\/wp-json\/wp\/v2\/comments?post=13011"}],"version-history":[{"count":2,"href":"https:\/\/archivoorotava.es\/blog\/wp-json\/wp\/v2\/posts\/13011\/revisions"}],"predecessor-version":[{"id":25753,"href":"https:\/\/archivoorotava.es\/blog\/wp-json\/wp\/v2\/posts\/13011\/revisions\/25753"}],"wp:featuredmedia":[{"embeddable":true,"href":"https:\/\/archivoorotava.es\/blog\/wp-json\/wp\/v2\/media\/13017"}],"wp:attachment":[{"href":"https:\/\/archivoorotava.es\/blog\/wp-json\/wp\/v2\/media?parent=13011"}],"wp:term":[{"taxonomy":"category","embeddable":true,"href":"https:\/\/archivoorotava.es\/blog\/wp-json\/wp\/v2\/categories?post=13011"},{"taxonomy":"post_tag","embeddable":true,"href":"https:\/\/archivoorotava.es\/blog\/wp-json\/wp\/v2\/tags?post=13011"}],"curies":[{"name":"wp","href":"https:\/\/api.w.org\/{rel}","templated":true}]}}