{"id":12927,"date":"2016-05-05T11:30:16","date_gmt":"2016-05-05T10:30:16","guid":{"rendered":"http:\/\/archivoorotava.es\/blog\/?p=12927"},"modified":"2016-05-05T12:36:02","modified_gmt":"2016-05-05T11:36:02","slug":"manana-inauguracion-de-la-exposicion-retratos-festivos-en-el-recuerdo","status":"publish","type":"post","link":"https:\/\/archivoorotava.es\/blog\/2016\/05\/05\/manana-inauguracion-de-la-exposicion-retratos-festivos-en-el-recuerdo\/","title":{"rendered":"MA\u00d1ANA INAUGURACI\u00d3N DE LA EXPOSICI\u00d3N \u201cRETRATOS FESTIVOS EN EL RECUERDO\u201d"},"content":{"rendered":"<div id=\"cs-content\" class=\"cs-content\"><\/div>\n","protected":false},"excerpt":{"rendered":"<p>El Archivo Municipal, tras varios meses trabajando con ilusi\u00f3n, inaugura ma\u00f1ana \u201cRetratos festivos en el recuerdo\u201d y, mientras, prepara los \u00faltimos detalles de la misma.<\/p>\n","protected":false},"author":2,"featured_media":12928,"comment_status":"open","ping_status":"open","sticky":false,"template":"","format":"standard","meta":{"_jetpack_memberships_contains_paid_content":false,"footnotes":""},"categories":[7,8,195],"tags":[72,203,302,156],"class_list":["post-12927","post","type-post","status-publish","format-standard","has-post-thumbnail","hentry","category-exposiciones","category-fiestas","category-fotografias","tag-corpus-christi","tag-fiestas-patronales","tag-retratos-festivos-en-el-recuerdo","tag-san-isidro"],"aioseo_notices":[],"jetpack_featured_media_url":"https:\/\/archivoorotava.es\/blog\/wp-content\/uploads\/2016\/05\/Retratos-festivos-en-e-recuerdo-preparativos-1-cartel.jpg","jetpack_sharing_enabled":true,"_links":{"self":[{"href":"https:\/\/archivoorotava.es\/blog\/wp-json\/wp\/v2\/posts\/12927","targetHints":{"allow":["GET"]}}],"collection":[{"href":"https:\/\/archivoorotava.es\/blog\/wp-json\/wp\/v2\/posts"}],"about":[{"href":"https:\/\/archivoorotava.es\/blog\/wp-json\/wp\/v2\/types\/post"}],"author":[{"embeddable":true,"href":"https:\/\/archivoorotava.es\/blog\/wp-json\/wp\/v2\/users\/2"}],"replies":[{"embeddable":true,"href":"https:\/\/archivoorotava.es\/blog\/wp-json\/wp\/v2\/comments?post=12927"}],"version-history":[{"count":0,"href":"https:\/\/archivoorotava.es\/blog\/wp-json\/wp\/v2\/posts\/12927\/revisions"}],"wp:featuredmedia":[{"embeddable":true,"href":"https:\/\/archivoorotava.es\/blog\/wp-json\/wp\/v2\/media\/12928"}],"wp:attachment":[{"href":"https:\/\/archivoorotava.es\/blog\/wp-json\/wp\/v2\/media?parent=12927"}],"wp:term":[{"taxonomy":"category","embeddable":true,"href":"https:\/\/archivoorotava.es\/blog\/wp-json\/wp\/v2\/categories?post=12927"},{"taxonomy":"post_tag","embeddable":true,"href":"https:\/\/archivoorotava.es\/blog\/wp-json\/wp\/v2\/tags?post=12927"}],"curies":[{"name":"wp","href":"https:\/\/api.w.org\/{rel}","templated":true}]}}